{"id":142934,"date":"2026-04-01T01:29:16","date_gmt":"2026-04-01T01:29:16","guid":{"rendered":"https:\/\/www.europesays.com\/ee\/142934\/"},"modified":"2026-04-01T01:29:16","modified_gmt":"2026-04-01T01:29:16","slug":"nuud-on-kindel-raskelt-haige-celine-dion-naaseb-lavalaudadele","status":"publish","type":"post","link":"https:\/\/www.europesays.com\/ee\/142934\/","title":{"rendered":"N\u00fc\u00fcd on kindel! Raskelt haige Celine Dion naaseb lavalaudadele"},"content":{"rendered":"<p>30. m\u00e4rtsil, oma 58. s\u00fcnnip\u00e4eval, tegi Celine sotsiaalmeedias videop\u00f6\u00f6rdumise, milles teatas, et tema enesetunne on v\u00e4ga hea. \u201eMa olen s\u00f5udeks valmis! Tunnen end suurep\u00e4raselt! Laulan j\u00e4lle, isegi tantsin natuke,\u201c t\u00f5des lauljanna ning t\u00e4nas oma f\u00e4nne, kes teda toetanud on. \u201eOlen teile k\u00f5igile v\u00e4ga t\u00e4nulik! Ma ei j\u00f5ua \u00e4ra oodata, millal teid j\u00e4lle n\u00e4ha saan!\u201c lisas ta.<\/p>\n<p>Ta j\u00e4tkas: \u201eSaan v\u00f5imaluse teid taas n\u00e4ha, teile Pariisis esineda.\u201c Lauljanna selgitas, et annab t\u00e4navu septembris ja oktoobris Pariisis k\u00fcmme kontserti. Ta esineb La Defense Arenal 12. septembrist 14. oktoobrini vaid k\u00fcmnel \u00f5htul.<\/p>\n<p>V\u00f5itleb raske haigusega<\/p>\n<p>Kui Celine 2022. aastal oma haigusest esimest korda r\u00e4\u00e4kis, t\u00f5des ta, et polnud varem valmis sellega avalikkuse ette tulema. \u201eMa olen v\u00f5idelnud oma tervisemuredega pikka aega. Mul on olnud eriti raske nendele katsumustele vastu astuda ja r\u00e4\u00e4kida k\u00f5igest, mida olen l\u00e4bi elanud,\u201c lausus muusik sotsiaalmeediasse postitatud emotsionaalses videos.<\/p>\n<p>Celine Dionil diagnoositud haigus m\u00f5jutab tavaliselt \u00fcht inimest miljonist.<\/p>\n<p>Kaks aastat tagasi Prantsusmaa Vogue\u2019i ajakirjale antud intervjuus s\u00f5nas Celine, et ravi ajal on teda aidanud muusika, mis on teda raske f\u00fcsioteraapia ajal motiveerinud. Viis p\u00e4eva n\u00e4dalas tegeles ta spordiga, samuti f\u00fc\u00fcsilise ja h\u00e4\u00e4leteraapiaga. \u201eMa treenin oma varbaid, p\u00f5lvi, s\u00e4\u00e4remarju, s\u00f5rmi, laulmist ja h\u00e4\u00e4lt,\u201c r\u00e4\u00e4kis Celine oma raviplaanist.<\/p>\n<p>Ta t\u00f5i usutluses esile, et oma diagnoosi saanult ta alguses s\u00fc\u00fcdistas selles ennast ja otsis vastuseid, miks temaga nii juhtus. \u201eElu ei anna sulle vastuseid. Sa pead lihtsalt elama! Mul on see haigus teadmata p\u00f5hjusel.\u201c<\/p>\n<p>P\u00e4rast diagnoosi teadasaamist oli ta seisnud valiku ees: kas ta treenib nagu atleet ja n\u00e4eb k\u00f5vasti vaeva v\u00f5i eemaldub k\u00f5igest, j\u00e4\u00e4b koju, kuulab oma laule, seisab peegli ees ja laulab endale. \u201eMa valisin oma keha ja hinge, n\u00e4en nendega vaeva pealaest jalatallani ja koos meditsiinilise tiimiga,\u201c r\u00e4\u00e4kis Celine, kelle eesm\u00e4rk on tunda end taas suurep\u00e4raselt ja n\u00e4ha veel kord Eiffeli torni.<\/p>\n<p>Kuidas see lugu Sind end tundma pani? Saada <a href=\"https:\/\/kroonika.delfi.ee\/artikkel\/120564678\/nuud-on-kindel-raskelt-haige-celine-dion-naaseb-lavalaudadele\/kommentaarid\" class=\"article-body-bottom__comment article-body-bottom__comment--write button button--primary button--size-auto\" rel=\"nofollow noopener\" target=\"_blank\"> Kommenteeri <\/a><a href=\"https:\/\/kroonika.delfi.ee\/artikkel\/120564678\/nuud-on-kindel-raskelt-haige-celine-dion-naaseb-lavalaudadele\/kommentaarid\" class=\"article-body-bottom__comment article-body-bottom__comment--read button button--size-auto\" rel=\"nofollow noopener\" target=\"_blank\"> Loe kommentaare (7)<\/a><\/p>\n","protected":false},"excerpt":{"rendered":"30. m\u00e4rtsil, oma 58. s\u00fcnnip\u00e4eval, tegi Celine sotsiaalmeedias videop\u00f6\u00f6rdumise, milles teatas, et tema enesetunne on v\u00e4ga hea. \u201eMa&hellip;\n","protected":false},"author":2,"featured_media":142935,"comment_status":"","ping_status":"","sticky":false,"template":"","format":"standard","meta":{"footnotes":"","_share_on_mastodon":"0"},"categories":[16],"tags":[28657,37,33,35,173,34,36,140],"class_list":["post-142934","post","type-post","status-publish","format-standard","has-post-thumbnail","category-meelelahutus","tag-celine-dion","tag-ee","tag-eesti","tag-eesti-keel","tag-entertainment","tag-estonia","tag-estonian","tag-meelelahutus"],"share_on_mastodon":{"url":"https:\/\/pubeurope.com\/@ee\/116326862994190497","error":""},"_links":{"self":[{"href":"https:\/\/www.europesays.com\/ee\/wp-json\/wp\/v2\/posts\/142934","targetHints":{"allow":["GET"]}}],"collection":[{"href":"https:\/\/www.europesays.com\/ee\/wp-json\/wp\/v2\/posts"}],"about":[{"href":"https:\/\/www.europesays.com\/ee\/wp-json\/wp\/v2\/types\/post"}],"author":[{"embeddable":true,"href":"https:\/\/www.europesays.com\/ee\/wp-json\/wp\/v2\/users\/2"}],"replies":[{"embeddable":true,"href":"https:\/\/www.europesays.com\/ee\/wp-json\/wp\/v2\/comments?post=142934"}],"version-history":[{"count":0,"href":"https:\/\/www.europesays.com\/ee\/wp-json\/wp\/v2\/posts\/142934\/revisions"}],"wp:featuredmedia":[{"embeddable":true,"href":"https:\/\/www.europesays.com\/ee\/wp-json\/wp\/v2\/media\/142935"}],"wp:attachment":[{"href":"https:\/\/www.europesays.com\/ee\/wp-json\/wp\/v2\/media?parent=142934"}],"wp:term":[{"taxonomy":"category","embeddable":true,"href":"https:\/\/www.europesays.com\/ee\/wp-json\/wp\/v2\/categories?post=142934"},{"taxonomy":"post_tag","embeddable":true,"href":"https:\/\/www.europesays.com\/ee\/wp-json\/wp\/v2\/tags?post=142934"}],"curies":[{"name":"wp","href":"https:\/\/api.w.org\/{rel}","templated":true}]}}