{"id":143096,"date":"2026-04-01T08:09:08","date_gmt":"2026-04-01T08:09:08","guid":{"rendered":"https:\/\/www.europesays.com\/ee\/143096\/"},"modified":"2026-04-01T08:09:08","modified_gmt":"2026-04-01T08:09:08","slug":"emiraadid-on-valmis-liituma-sojalise-operatsiooniga-hormuzi-vaina-avamiseks-maailm-postimees-ee","status":"publish","type":"post","link":"https:\/\/www.europesays.com\/ee\/143096\/","title":{"rendered":"Emiraadid on valmis liituma s\u00f5jalise operatsiooniga Hormuzi v\u00e4ina avamiseks &#8211; Maailm &#8211; Postimees.ee"},"content":{"rendered":"<ol>\n<li><a href=\"https:\/\/news.google.com\/rss\/articles\/CBMisAFBVV95cUxNdVZYZ1VKNTVjLVNnS2VjZ0NMdGRQUHNscGNkTnZWa0ZYUkl2SHhnck42ZGJkYWx2VnptNEJpWDFycmRFcVVDbEMwNVRabWp3MnBNVEE1dHNVcjVqSXN3NmZUTFU4alE4NEtjQnNubUxJWkhZLWxhN0xUam43RktOMEVjU3VQYUQzNExva00yRlYwbG9xaGxKWFFxWF9PNGduWHM2ZGg1RGNqbmp4ZUU4Sw?oc=5\" target=\"_blank\" rel=\"nofollow noopener\">Emiraadid on valmis liituma s\u00f5jalise operatsiooniga Hormuzi v\u00e4ina avamiseks<\/a>&nbsp;&nbsp;Maailm &#8211; Postimees.ee<\/li>\n<li><a href=\"https:\/\/news.google.com\/rss\/articles\/CBMizgFBVV95cUxNWnc2M2pNVWY4RkVwWU1Wa0RURFdxRVo5a0U4LXBDbE5iNXpvSVFYUTA1VEpCWTFKOERoTm1SVlBxRUlVWW1GVzRjSWZQbEtGdk9mQnVUSlYzWVFaM05oNFJDQWplNmota2owb1pYalp3Rkxpb01CNmd0M2Z1SE1FZ2VzUmE0amRwY1BydVVNYXI2dTZpV0VTNWR2VjZMWE9vdkN1Vi1CcjRiX3dudnh1MlR4aHNEdElJUTd6Y19nTndRbS02eTRLWWl6Sl95QdIBzgFBVV95cUxNWnc2M2pNVWY4RkVwWU1Wa0RURFdxRVo5a0U4LXBDbE5iNXpvSVFYUTA1VEpCWTFKOERoTm1SVlBxRUlVWW1GVzRjSWZQbEtGdk9mQnVUSlYzWVFaM05oNFJDQWplNmota2owb1pYalp3Rkxpb01CNmd0M2Z1SE1FZ2VzUmE0amRwY1BydVVNYXI2dTZpV0VTNWR2VjZMWE9vdkN1Vi1CcjRiX3dudnh1MlR4aHNEdElJUTd6Y19nTndRbS02eTRLWWl6Sl95QQ?oc=5\" target=\"_blank\" rel=\"nofollow noopener\">Saudi prints Mohammed Bin Salman kutsub Trumpi \u00fcles j\u00e4tkama s\u00f5da Iraani vastu, \u00fctleb NYT<\/a>&nbsp;&nbsp;Mix Vale<\/li>\n<li><a href=\"https:\/\/news.google.com\/rss\/articles\/CBMijwFBVV95cUxQc2lTZ0IzZTF4Qi1iU1Q3YVpxR19xNU42SGY1Um5JOGFGcEJodU51VTdJS1AwRFRmZGdMbkFPRmlobkUyZGtkamlYRTBMYTlieHRZOVZlb2U1MGNWaVcxaGJDM0ZqMWQ2RGpBM0E0T0dGZHh2bi1uWTZ6TDRVQ2RLX3BDbzFveFRLVGVLSWtZcw?oc=5\" target=\"_blank\" rel=\"nofollow noopener\">Iraan \u00e4hvardab h\u00f5ivata Araabia \u00dchendemiraadid ja Bahreini<\/a>&nbsp;&nbsp;eestinen<\/li>\n<li><a href=\"https:\/\/news.google.com\/rss\/articles\/CBMidkFVX3lxTFB5eXMycllzV2NsQ2VWakJCZjB6cFFHdXkzZVY0NUR3SVU1OHgwVEdPR01kS0RBX2xZTW4tWjZlenBnSnF5OFdMSnFqbFA3VW1UakM1ZnRDWVhCd1ZQaGNpcXFZSkdZVTJ4YlV4ODJtN29lYXVOVlE?oc=5\" target=\"_blank\" rel=\"nofollow noopener\">Iraani s\u00f5jaga liitumas veel mitu riiki<\/a>&nbsp;&nbsp;eestinen<\/li>\n<\/ol>\n","protected":false},"excerpt":{"rendered":"Emiraadid on valmis liituma s\u00f5jalise operatsiooniga Hormuzi v\u00e4ina avamiseks&nbsp;&nbsp;Maailm &#8211; Postimees.ee Saudi prints Mohammed Bin Salman kutsub Trumpi&hellip;\n","protected":false},"author":2,"featured_media":143097,"comment_status":"","ping_status":"","sticky":false,"template":"","format":"standard","meta":{"footnotes":"","_share_on_mastodon":"0"},"categories":[80],"tags":[23759,66280,47460,587,13378,25382,26,27,66283,37,33,35,66285,34,36,31,32,3055,21,66281,46527,66286,1925,60434,43906,15447,66282,8703,28,29,95,47048,66279,19,55518,46526,25,66287,16039,1228,32696,23,24,22,1036,63529,20,30,66284,92,93,94],"class_list":["post-143096","post","type-post","status-publish","format-standard","has-post-thumbnail","category-maailm","tag-abu-dhabi","tag-abu-musa-saar","tag-ali-larijani","tag-ameerika-uhendriigid","tag-araabia-uhendemiraadid","tag-aue","tag-breaking-news","tag-breakingnews","tag-dubai-lennujaam","tag-ee","tag-eesti","tag-eesti-keel","tag-elizabeth-dent","tag-estonia","tag-estonian","tag-featured-news","tag-featurednews","tag-geopoliitika","tag-headlines","tag-hormuzi-saared","tag-hormuzi-vain","tag-investeerimiskeskkond","tag-iraan","tag-iraani-drooni-ja-raketirunnakud","tag-iraani-reziim","tag-kriitiline-taristu","tag-laheriikide-blokid","tag-lahis-ida-konflikt","tag-latest-news","tag-latestnews","tag-maailm","tag-majanduslik-moju","tag-miinide-puhastamine","tag-news","tag-parsia-lahe-riigid","tag-parsia-laht","tag-populaarseimad-lood","tag-regionaalne-julgeolek","tag-resolutsioon","tag-saudi-araabia","tag-sojaline-operatsioon","tag-top-stories","tag-topstories","tag-uldised-uudised","tag-uro-julgeolekunoukogu","tag-usa-iisraeli-soda","tag-uudised","tag-viimased-uudised","tag-washingtoni-lahis-ida-poliitika-instituut","tag-world","tag-world-news","tag-worldnews"],"share_on_mastodon":{"url":"","error":"Validation failed: Text character limit of 500 exceeded"},"_links":{"self":[{"href":"https:\/\/www.europesays.com\/ee\/wp-json\/wp\/v2\/posts\/143096","targetHints":{"allow":["GET"]}}],"collection":[{"href":"https:\/\/www.europesays.com\/ee\/wp-json\/wp\/v2\/posts"}],"about":[{"href":"https:\/\/www.europesays.com\/ee\/wp-json\/wp\/v2\/types\/post"}],"author":[{"embeddable":true,"href":"https:\/\/www.europesays.com\/ee\/wp-json\/wp\/v2\/users\/2"}],"replies":[{"embeddable":true,"href":"https:\/\/www.europesays.com\/ee\/wp-json\/wp\/v2\/comments?post=143096"}],"version-history":[{"count":0,"href":"https:\/\/www.europesays.com\/ee\/wp-json\/wp\/v2\/posts\/143096\/revisions"}],"wp:featuredmedia":[{"embeddable":true,"href":"https:\/\/www.europesays.com\/ee\/wp-json\/wp\/v2\/media\/143097"}],"wp:attachment":[{"href":"https:\/\/www.europesays.com\/ee\/wp-json\/wp\/v2\/media?parent=143096"}],"wp:term":[{"taxonomy":"category","embeddable":true,"href":"https:\/\/www.europesays.com\/ee\/wp-json\/wp\/v2\/categories?post=143096"},{"taxonomy":"post_tag","embeddable":true,"href":"https:\/\/www.europesays.com\/ee\/wp-json\/wp\/v2\/tags?post=143096"}],"curies":[{"name":"wp","href":"https:\/\/api.w.org\/{rel}","templated":true}]}}