{"id":143144,"date":"2026-04-01T09:06:06","date_gmt":"2026-04-01T09:06:06","guid":{"rendered":"https:\/\/www.europesays.com\/ee\/143144\/"},"modified":"2026-04-01T09:06:06","modified_gmt":"2026-04-01T09:06:06","slug":"air-balticul-on-suur-kutusemure-lati-valitsus-laenab-lennufirmale-30-miljonit-eurot","status":"publish","type":"post","link":"https:\/\/www.europesays.com\/ee\/143144\/","title":{"rendered":"Air Balticul on suur k\u00fctusemure: L\u00e4ti valitsus laenab lennufirmale 30 miljonit eurot"},"content":{"rendered":"<p>L\u00e4ti transpordiminister Atis \u0160vinka nimetas laenu stabiliseerivaks elemendiks k\u00fctusekriisi tingimustes. \u201eLaen on ette n\u00e4htud hinnaefekti stabiliseerimiseks ja lendude j\u00e4tkamise tagamiseks,\u201c selgitas ta valitsuse pressikonverentsil. <\/p>\n<p>Summa on siiski m\u00e4rkimisv\u00e4\u00e4rselt v\u00e4iksem, kui varasemad hinnangud ette n\u00e4gid. M\u00e4rtsi keskel hindas Air Balticu juhtkond, et lennufirma v\u00f5ib isegi k\u00fctusemuret arvestamata vajada 100\u2013150 miljonit eurot lisaraha. Praegune 30 miljoni eurone laen on seega pigem l\u00fchiajaline likviidsuspuhver, mis peaks ettev\u00f5tet \u00fcleval hoidma kuni suvel valmiva uue \u00e4riplaanini.<\/p>\n<p>Oled juba tellija?Logi sisse<\/p>\n<p><a href=\"https:\/\/arileht.delfi.ee\/artikkel\/120564730\/air-balticul-on-suur-kutusemure-lati-valitsus-laenab-lennufirmale-30-miljonit-eurot\/kommentaarid\" class=\"article-body-bottom__comment article-body-bottom__comment--write button button--primary button--size-auto\" rel=\"nofollow noopener\" target=\"_blank\"> Kommenteeri <\/a><a href=\"https:\/\/arileht.delfi.ee\/artikkel\/120564730\/air-balticul-on-suur-kutusemure-lati-valitsus-laenab-lennufirmale-30-miljonit-eurot\/kommentaarid\" class=\"article-body-bottom__comment article-body-bottom__comment--read button button--size-auto\" rel=\"nofollow noopener\" target=\"_blank\"> Loe kommentaare (1)<\/a><\/p>\n","protected":false},"excerpt":{"rendered":"L\u00e4ti transpordiminister Atis \u0160vinka nimetas laenu stabiliseerivaks elemendiks k\u00fctusekriisi tingimustes. \u201eLaen on ette n\u00e4htud hinnaefekti stabiliseerimiseks ja lendude&hellip;\n","protected":false},"author":2,"featured_media":143145,"comment_status":"","ping_status":"","sticky":false,"template":"","format":"standard","meta":{"footnotes":"","_share_on_mastodon":"0"},"categories":[12],"tags":[1765,26,27,37,33,35,34,36,31,32,21,28,29,19,25,3322,23,24,22,20,30,4310],"class_list":["post-143144","post","type-post","status-publish","format-standard","has-post-thumbnail","category-eesti","tag-airbaltic","tag-breaking-news","tag-breakingnews","tag-ee","tag-eesti","tag-eesti-keel","tag-estonia","tag-estonian","tag-featured-news","tag-featurednews","tag-headlines","tag-latest-news","tag-latestnews","tag-news","tag-populaarseimad-lood","tag-ryanair","tag-top-stories","tag-topstories","tag-uldised-uudised","tag-uudised","tag-viimased-uudised","tag-wizz-air"],"share_on_mastodon":{"url":"https:\/\/pubeurope.com\/@ee\/116328660136119867","error":""},"_links":{"self":[{"href":"https:\/\/www.europesays.com\/ee\/wp-json\/wp\/v2\/posts\/143144","targetHints":{"allow":["GET"]}}],"collection":[{"href":"https:\/\/www.europesays.com\/ee\/wp-json\/wp\/v2\/posts"}],"about":[{"href":"https:\/\/www.europesays.com\/ee\/wp-json\/wp\/v2\/types\/post"}],"author":[{"embeddable":true,"href":"https:\/\/www.europesays.com\/ee\/wp-json\/wp\/v2\/users\/2"}],"replies":[{"embeddable":true,"href":"https:\/\/www.europesays.com\/ee\/wp-json\/wp\/v2\/comments?post=143144"}],"version-history":[{"count":0,"href":"https:\/\/www.europesays.com\/ee\/wp-json\/wp\/v2\/posts\/143144\/revisions"}],"wp:featuredmedia":[{"embeddable":true,"href":"https:\/\/www.europesays.com\/ee\/wp-json\/wp\/v2\/media\/143145"}],"wp:attachment":[{"href":"https:\/\/www.europesays.com\/ee\/wp-json\/wp\/v2\/media?parent=143144"}],"wp:term":[{"taxonomy":"category","embeddable":true,"href":"https:\/\/www.europesays.com\/ee\/wp-json\/wp\/v2\/categories?post=143144"},{"taxonomy":"post_tag","embeddable":true,"href":"https:\/\/www.europesays.com\/ee\/wp-json\/wp\/v2\/tags?post=143144"}],"curies":[{"name":"wp","href":"https:\/\/api.w.org\/{rel}","templated":true}]}}