{"id":1432,"date":"2025-09-21T17:16:09","date_gmt":"2025-09-21T17:16:09","guid":{"rendered":"https:\/\/www.europesays.com\/ee\/1432\/"},"modified":"2025-09-21T17:16:09","modified_gmt":"2025-09-21T17:16:09","slug":"25-aastat-tallinna-vanalinna-sudames-de-la-gardie-kaubanduskeskus-tahistab-veerandsajandat-juubelit","status":"publish","type":"post","link":"https:\/\/www.europesays.com\/ee\/1432\/","title":{"rendered":"25 aastat Tallinna vanalinna s\u00fcdames. De La Gardie kaubanduskeskus t\u00e4histab veerandsajandat juubelit"},"content":{"rendered":"<p>2000. aastal uksed avanud keskuses p\u00f5imuvad kaasaegne kaubandus ja linna keskaegne p\u00e4rand, pakkudes olulist kohtumispaika nii kohalikele kui ka turistidele.<\/p>\n<p>Veerandsajandi jooksul on De La Gardie v\u00f5\u00f5rustanud mitmesuguseid \u00fc\u00fcrnikke, andes oma panuse vanalinna majanduslikule eluj\u00f5ule. 2014. aastal omandas kinnistu rahvusvaheline kinnisvarainvesteeringute ettev\u00f5te Summus Capital, n\u00e4hes seal v\u00e4\u00e4rtuslikku arhitektuurip\u00e4randit Tallinna s\u00fcdames.<\/p>\n<p>\u00dcle 2000 ruutmeetri m\u00fc\u00fcgipinda<\/p>\n<p>\u201eDe La Gardie on meie portfellis \u00fcks silmapaistvamaid objekte, sest Summus hindab varasid ja \u00fc\u00fcrisuhteid, mis p\u00fcsivad l\u00e4bi aegade. See on ehe n\u00e4ide, kuidas ajalooline arhitektuur ja sajanditepikkune keskkond kohtuvad kaasaegsete lahendustega, mis koos loovad v\u00e4\u00e4rtust nii vara omanikule kui selle kasutajatele,\u201c s\u00f5nas Hannes Pihl, Summus Capitali juhatuse liige.<\/p>\n<p>T\u00e4na h\u00f5lmab De La Gardie kaubanduskeskus \u00fcle 2000 ruutmeetri \u00fc\u00fcripinda ning on koduks mitmele hinnatud restoranile ja moekauplusele Lindex. Strateegiline asukoht turismirohkes piirkonnas on teinud sellest olulise sihtkoha nii kohalikele kui k\u00fclalistele.<\/p>\n<p>De La Gardie kaubanduskeskus on n\u00e4ide l\u00e4bim\u00f5eldud linnaplaneerimisest: kuna Tallinna vanalinn kuulub <a rel=\"noopener nofollow\" target=\"_blank\" href=\"https:\/\/www.delfi.ee\/teema\/56935856\/unesco\" tag-id=\"56935856\">UNESCO<\/a> maailmap\u00e4randi nimistusse, kehtivad sinna uute hoonete p\u00fcstitamisel karmid reeglid. Viru t\u00e4naval olid aga Teise maailmas\u00f5ja aegsed \u00f5hul\u00f6\u00f6gid j\u00e4tnud majade vahele t\u00fchja koha.<\/p>\n<p>Paljude arhitektide, linnaplaneerijate ja muinsuskaitsjate tuliste arutelude tagaj\u00e4rjel p\u00fcstitatigi sinna 2000. aastal \u00fcks v\u00e4hestest kaasaegse arhitektuuriga hoonetest Tallinna vanalinnas.<\/p>\n<p>Ajalugu leidub hoones veelgi: kaubamaja on oma nime saanud <a rel=\"noopener nofollow\" target=\"_blank\" href=\"https:\/\/www.delfi.ee\/teema\/23421559\/rootsi\" tag-id=\"23421559\">Rootsi<\/a> De la Gardie aadliperekonnalt, kellele krunt kunagi kuulus. Perekond kirjutas oma nime Tallinna ajalukku edukate kaupmeeste ja v\u00e4epealikena, mis seob kaubamaja nime linna v\u00e4rvika ajalooga.<\/p>\n<p>S\u00e4ilitati ajalooline krundijaotus<\/p>\n<p>\u00dcks keskuse arhitektidest <a rel=\"noopener nofollow\" target=\"_blank\" href=\"https:\/\/www.delfi.ee\/teema\/56500742\/tiit-trummal\" tag-id=\"56500742\">Tiit Trummal<\/a> selgitas, et hoone projekteerimisel peeti oluliseks s\u00e4ilitada vanalinna ajalooline krundijaotus: ehkki tegemist on \u00fche hoonega, jaguneb fassaad vastavalt kunagistele krundipiiridele kolmeks osaks. Fassaadis kasutati osaliselt paekivi, et uus hoone haakuks k\u00f5rval asuva linnam\u00fc\u00fcriga.<\/p>\n<p>Samas v\u00e4lditi ajalooliste majade kopeerimist, et luua siiski t\u00e4iesti uus, kaasaegse arhitektuuriga hoone. \u201eTagantj\u00e4rgi tundub, et see k\u00f5ik \u00f5igustas end \u2013 minu silmis sobitub maja sinna v\u00e4ga h\u00e4sti,\u201c \u00fctles Trummal.<\/p>\n<p>De La Gardie projekteeris Alver Architects ja arendas Estconde. Peale valmimist p\u00e4lvis ehitis tipparhitektide paremiku t\u00e4helepanu ning heakskiidu: silmapaistval hoonel on ette n\u00e4idata Mies Van Der Rohe Preemia nominatsioon 2001 ning Eesti Kultuurkapitali Arhitektuuripreemia 2000.<\/p>\n<p>      Kuidas see lugu Sind end tundma pani?<br \/>\n        Saada<br \/>\n           <a href=\"https:\/\/arileht.delfi.ee\/artikkel\/120405072\/25-aastat-tallinna-vanalinna-sudames-de-la-gardie-kaubanduskeskus-tahistab-veerandsajandat-juubelit\/kommentaarid\" class=\"article-body-bottom__comment article-body-bottom__comment--write button button--primary button--size-auto\" rel=\"nofollow noopener\" target=\"_blank\"><br \/>\n        Kommenteeri<br \/>\n       <\/a> <a href=\"https:\/\/arileht.delfi.ee\/artikkel\/120405072\/25-aastat-tallinna-vanalinna-sudames-de-la-gardie-kaubanduskeskus-tahistab-veerandsajandat-juubelit\/kommentaarid\" class=\"article-body-bottom__comment article-body-bottom__comment--read button button--size-auto\" rel=\"nofollow noopener\" target=\"_blank\"><br \/>\n        Loe kommentaare  <\/a>  <\/p>\n","protected":false},"excerpt":{"rendered":"2000. aastal uksed avanud keskuses p\u00f5imuvad kaasaegne kaubandus ja linna keskaegne p\u00e4rand, pakkudes olulist kohtumispaika nii kohalikele kui&hellip;\n","protected":false},"author":2,"featured_media":1433,"comment_status":"","ping_status":"","sticky":false,"template":"","format":"standard","meta":{"footnotes":"","_share_on_mastodon":"0"},"categories":[12],"tags":[26,27,37,33,35,1641,1644,34,36,31,32,21,190,28,29,19,25,889,854,1643,1642,23,24,22,797,20,30],"class_list":["post-1432","post","type-post","status-publish","format-standard","has-post-thumbnail","category-eesti","tag-breaking-news","tag-breakingnews","tag-ee","tag-eesti","tag-eesti-keel","tag-ehitamine","tag-ehitus","tag-estonia","tag-estonian","tag-featured-news","tag-featurednews","tag-headlines","tag-kunst","tag-latest-news","tag-latestnews","tag-news","tag-populaarseimad-lood","tag-rootsi","tag-tallinna-linnavalitsus","tag-tallinna-vanalinn","tag-tiit-trummal","tag-top-stories","tag-topstories","tag-uldised-uudised","tag-unesco","tag-uudised","tag-viimased-uudised"],"share_on_mastodon":{"url":"","error":""},"_links":{"self":[{"href":"https:\/\/www.europesays.com\/ee\/wp-json\/wp\/v2\/posts\/1432","targetHints":{"allow":["GET"]}}],"collection":[{"href":"https:\/\/www.europesays.com\/ee\/wp-json\/wp\/v2\/posts"}],"about":[{"href":"https:\/\/www.europesays.com\/ee\/wp-json\/wp\/v2\/types\/post"}],"author":[{"embeddable":true,"href":"https:\/\/www.europesays.com\/ee\/wp-json\/wp\/v2\/users\/2"}],"replies":[{"embeddable":true,"href":"https:\/\/www.europesays.com\/ee\/wp-json\/wp\/v2\/comments?post=1432"}],"version-history":[{"count":0,"href":"https:\/\/www.europesays.com\/ee\/wp-json\/wp\/v2\/posts\/1432\/revisions"}],"wp:featuredmedia":[{"embeddable":true,"href":"https:\/\/www.europesays.com\/ee\/wp-json\/wp\/v2\/media\/1433"}],"wp:attachment":[{"href":"https:\/\/www.europesays.com\/ee\/wp-json\/wp\/v2\/media?parent=1432"}],"wp:term":[{"taxonomy":"category","embeddable":true,"href":"https:\/\/www.europesays.com\/ee\/wp-json\/wp\/v2\/categories?post=1432"},{"taxonomy":"post_tag","embeddable":true,"href":"https:\/\/www.europesays.com\/ee\/wp-json\/wp\/v2\/tags?post=1432"}],"curies":[{"name":"wp","href":"https:\/\/api.w.org\/{rel}","templated":true}]}}