{"id":143208,"date":"2026-04-01T10:42:15","date_gmt":"2026-04-01T10:42:15","guid":{"rendered":"https:\/\/www.europesays.com\/ee\/143208\/"},"modified":"2026-04-01T10:42:15","modified_gmt":"2026-04-01T10:42:15","slug":"nommelt-bundesligasse-wolfsburgi-esinduse-treeningutel-osalenud-hint-ma-tean-et-nad-vaga-hindavad-mind-soccernet-ee","status":"publish","type":"post","link":"https:\/\/www.europesays.com\/ee\/143208\/","title":{"rendered":"N\u00f5mmelt Bundesligasse? Wolfsburgi esinduse treeningutel osalenud Hint: ma tean, et nad v\u00e4ga hindavad mind &#8211; Soccernet.ee"},"content":{"rendered":"<p><img decoding=\"async\" src=\"https:\/\/www.europesays.com\/ee\/wp-content\/uploads\/2026\/04\/1775021155.jpeg\" alt=\"Eesti noortekoondise poolkaitsja Trevor Hint on Wolfsburgis m\u00e4nginud ligi kaks aastat. Foto: erakogu\"\/>&#13;\n<\/p>\n<p>N\u00f5mme Kaljust N\u00f5mme Unitedisse, N\u00f5mme Unitedist Wolfsburgi. 17-aastane Eesti poolkaitsja Trevor Hint on Saksamaal m\u00e4nginud Wolfsburgi noortev\u00f5istkondade eest, aga nuusutanud ka Bundesligas osaleva esindusmeeskonna l\u00f5hna ja jaganud treeningv\u00e4ljakut n\u00e4iteks Christian Erikseniga.<\/p>\n<p>&#8220;Mu vanem vend m\u00e4ngis Kaljus ja mina l\u00e4ksin ka Kaljusse. See oli loogiline otsus,&#8221; r\u00e4\u00e4kis Hint Soccernet.ee-le, kuidas ta jalgpalli juurde j\u00f5udis. Hint astus esimesed sammud Kaljus ja liikus sealt 2022. aastal edasi Unitedisse. &#8220;Kaljuga mingit probleemi ei olnud. N\u00e4gime lihtsalt, et Unitedist on parem v\u00f5imalus minna varem v\u00e4lismaale.&#8221;&#13;\n<\/p>\n<p>2024. aastal, kui N\u00f5mme United esmakordselt Premium liigas m\u00e4ngis, oli Hint vaid 15-aastane ja sai mai keskel 16-aastaseks. Kui sama aasta suvel toimus \u00fcleminek Wolfsburgi, oli noorel poolkaitsjal Premium liigas kirjas 11 kohtumist, neist kaks algkoosseisus ja \u00fcheksa vahetusest sekkudes, kokku 312 minutit.&#13;\n<\/p>\n<p>&#8220;See oli hea tunne, aga see ei olnud mul eraldi eesm\u00e4rk, et pean kindlasti Premmis olema. See oli lihtsalt \u00e4ge saavutus! See ei olnud selline asi, et peaksin kohe pilvedesse t\u00f5usma. See oli minu t\u00f6\u00f6 tulemus!&#8221; meenutas Hint aega, kui m\u00e4ngis Unitediga Premium liigas.<\/p>\n<p>Kes need m\u00e4ngud \u00e4ratasid Wolfsburgis huvi? &#8220;Ma olen kuulnud, et nad n\u00e4gid mind koondises, aga kindlasti j\u00e4lgisid ka Premium liiga m\u00e4nge ja n\u00e4gid, et 15-aastane m\u00e4ngib meestes ja peaks p\u00e4ris hea vend olema. Esimest korda n\u00e4gid nad mind ikkagi koondisem\u00e4ngul,&#8221; lausus Hint.&#13;\n<\/p>\n<p>Hint k\u00e4is mai alguses Wolfsburgis testimisel ja s\u00f5lmis suvel klubiga kolmeaastase lepingu. Ta oli varasemalt k\u00e4inud testimisel Hollandis AZ Alkmaaris ja Utrechtis, nooremana ka Hispaanias.&#13;\n<\/p>\n<p>&#8220;Kui sain teada, et Wolfsburg on minust huvitatud, siis ma ei teadnud, kui suur akadeemia neil on. Teadsin, et Wolfsburg on Saksamaal v\u00e4ga suur klubi, aga ma ei teadnud, kui tugevad nad on noortes. L\u00e4ksin sinna \u00fcsna rahuliku tundega, aga kui kohale j\u00f5udsin ja n\u00e4gin, mis kompleksid seal on, siis olin v\u00e4ga elevil.&#8221;&#13;\n<\/p>\n<p>Ta lisas: &#8220;Meie akadeemia kompleksis on kuus v\u00e4ljakut \u2013 kolm muru ja kolm kunstmuru. Teeme seal trenni, j\u00f5usaalid ja k\u00f5ik asjad on olemas. K\u00f5ik on perfektne! Sa ei saa tuua \u00fchtegi p\u00f5hjust, et ei saa seda v\u00f5i seda teha. K\u00f5ik on ette antud ja pead tegema!&#8221;<\/p>\n<p>Treeningud esindusmeeskonnaga&#13;\n<\/p>\n<p>Kui esimesel hooajal m\u00e4ngis Hint Wolfsburgi U17 v\u00f5istkonnas, siis k\u00e4imasoleval hooajal on ta U19 v\u00f5istkonna m\u00e4ngija. Kuna Wolfsburgil ei ole duubelmeeskonda, nagu n\u00e4iteks Berliini Herthal v\u00f5i K\u00f6lnil, kus m\u00e4ngivad vastavalt Soufian Gouram ja Patrik Kristal, siis j\u00e4rgmine loogiline samm U19 v\u00f5istkonnast on esindusmeeskond.&#13;\n<\/p>\n<p><img decoding=\"async\" src=\"https:\/\/www.europesays.com\/ee\/wp-content\/uploads\/2026\/04\/1775021880.jpeg\" alt=\"Trevor Hint esindusmeeskonna treeningul Christian Erikseniga. Foto: erakogu\"\/>&#13;\n<\/p>\n<p>Wolfsburgi esindusmeeskond m\u00e4ngib Bundesligas, kus seitse vooru enne hooaja l\u00f5ppu ollakse 18 meeskonna konkurentsis eelviimasel kohal ja heideldakse p\u00fcsimaj\u00e4\u00e4mise nimel. Hint avaldas, et on m\u00f5ned korrad esinduse treeningutel osalenud ja teiste seas treeninud ka Erikseniga, kes liitus Wolfsburgiga eelmisel suvel Manchester Unitedist.<\/p>\n<p>&#8220;Viis-kuus korda olen esinduse trennis k\u00e4inud. Ma t\u00e4pset arvu ei tea, aga m\u00f5ned korrad,&#8221; lausus Hint, kes viimati kutsuti Bundesliga meeskonna juurde mullu detsembris. &#8220;Olen v\u00e4ga h\u00e4sti m\u00e4nginud ja siis nad on mind kutsunud. M\u00f5nikord on ka nii, et m\u00f5ned m\u00e4ngijad on vigastatud v\u00f5i haiged ja siis peab minema aitama.&#8221;&#13;\n<\/p>\n<p>Milline on Bundesliga meeskonna treeningute tase ja kas esinduse treenerid on eestlasele andnud ka mingisugust tagasisidet? &#8220;Tase ja m\u00e4ngijate kvaliteet on teine, aga kui ma aus olen, siis kiirus ja intensiivsus on suures pildis sama nagu U19 trennides. V\u00e4ga palju spetsiifilist tagasisidet ei ole saanud, aga ma tean, et nad v\u00e4ga hindavad mind,&#8221; vastas Hint.&#13;\n<\/p>\n<p>Hint on Saksamaal olnud peaaegu kaks aastat. Ta on enda s\u00f5nul selle aja jooksul k\u00f5ige rohkem arenenud vastupidavuses. &#8220;Ma arvan, et iga m\u00e4ngija, kes Saksamaale l\u00e4heb, \u00fcllatub kohe, kui palju nad jooksevad. Jooksmine ja f\u00fc\u00fcsiline vastupidavus on peamine, milles olen arenenud. Intensiivsus ilma pallita ja palliga, pead k\u00f5iki asju tegema kiiremini kui vastane, pead alati olema \u00fcks samm kiirem.&#8221;&#13;\n<\/p>\n<p>Aga milles peab juurde panema? &#8220;Ma arvan, et ilma pallita kaitset\u00f6\u00f6s. Minu arust on see paremaks l\u00e4inud, aga pean veel palju juurde panema.&#8221;<\/p>\n<p>Tema praegune leping klubiga kehtib j\u00e4rgmise hooaja l\u00f5puni ehk 2027. aasta suveni. Hint ei ole enda s\u00f5nul m\u00f5elnud, mis edasi saab. &#8220;Ma eeldan, et mu agent suvel r\u00e4\u00e4gib klubiga, mis edasi teha. Ma t\u00f5esti ise ei ole nii ette m\u00f5elnud, pigem v\u00f5tan \u00fcks p\u00e4ev korraga. Kui noorteakadeemia aeg saab l\u00e4bi, siis esinduse treenerid peavad otsustama, kas nad n\u00e4evad minus midagi v\u00f5i mitte. Kui nad n\u00e4evad, siis ma eeldan, et l\u00e4hen laenule v\u00f5i kohe esindusse.&#8221;&#13;\n<\/p>\n<p>Wolfsburgi ultrad U19 v\u00f5istkonna m\u00e4ngul&#13;\n<\/p>\n<p>Hint on k\u00e4imasoleval hooajal m\u00e4nginud Wolfsburgi eest Saksamaa U19 liigas ja karikav\u00f5istlustel. Vanus lubab eestlasel U19 v\u00f5istkonda esindada ka j\u00e4rgmisel hooajal.&#13;\n<\/p>\n<p>&#8220;Meil on sel hooajal v\u00e4ga tugev tiim, aasta vanemad on v\u00e4ga head ja k\u00f5ik on ka koondisem\u00e4ngijad. Mul oli algus natuke raskem, kuna mul oli eelmisel suvel p\u00f5lveoperatsioon. Paar kuud p\u00e4rast operatsiooni, kui p\u00f5lv sai korda ja palju m\u00e4nge oli olnud, tulid teised valud. Vasakul jalal oli operatsioon ja kuna olin natuke rohkem parema jala peal, siis tulid v\u00e4iksed ebamugavad valud ja sellega pidi hakkama saama. On olnud selliseid perioode, kus on raskem olnud, aga n\u00fc\u00fcd olen jalad alla saanud ja saan normaalselt m\u00e4ngida. Selles m\u00f5ttes on p\u00e4ris okei olnud,&#8221; s\u00f5nas Hint, kes on k\u00f5ikide sarjade peale kokku m\u00e4nginud 18 kohtumist.&#13;\n<\/p>\n<p><img decoding=\"async\" src=\"https:\/\/www.europesays.com\/ee\/wp-content\/uploads\/2026\/04\/1775021828.jpeg\" alt=\"Trevor Hint. Foto: erakogu\"\/>&#13;\n<\/p>\n<p>&#8220;Ma olen keskv\u00e4ljal p\u00f5him\u00f5tteliselt igal positsioonil m\u00e4nginud \u2013 kuus, kaheksa ja k\u00fcmme. Aga viimased m\u00e4ngud olen rohkem m\u00e4nginud kuue v\u00f5i kaheksa peal,&#8221; m\u00e4rkis Hint, kelle s\u00f5nul on klubil k\u00f5ige suuremad eesm\u00e4rgid ehk v\u00f5ita nii liiga kui ka karikas.<\/p>\n<p>Wolfsburg liigub U19 liigas play-off&#8217;i suunas, kuhu p\u00e4\u00e4seb l\u00f5puks 16 v\u00f5istkonda. Kui meistritiitlini on veel pikk tee, siis karikav\u00f5idule ollakse v\u00e4ga l\u00e4hedal. Wolfsburg on koha karikafinaalis juba kindlustanud, kusjuures v\u00e4ga dramaatilisel moel, sest kaheksandikfinaal ja poolfinaal v\u00f5ideti lisaajal, veerandfinaal penaltiseerias.&#13;\n<\/p>\n<p>&#8220;Meil oli poolfinaal kodus ja ultrad tulid kohale. See oli v\u00e4ga \u00e4ge kogemus! Ma n\u00e4gin, kui palju isegi U19 m\u00e4ng tervele linnale ja k\u00f5ikidele inimestele t\u00e4hendab. See on kindlasti v\u00e4ga suur au, et saame finaalis m\u00e4ngida,&#8221; s\u00f5nas Hint. Saksamaa U19 karikafinaal Wolfsburgi ja Stuttgardi vahel toimub 22. mail.                         <\/p>\n","protected":false},"excerpt":{"rendered":"&#13; N\u00f5mme Kaljust N\u00f5mme Unitedisse, N\u00f5mme Unitedist Wolfsburgi. 17-aastane Eesti poolkaitsja Trevor Hint on Saksamaal m\u00e4nginud Wolfsburgi noortev\u00f5istkondade&hellip;\n","protected":false},"author":2,"featured_media":143209,"comment_status":"","ping_status":"","sticky":false,"template":"","format":"standard","meta":{"footnotes":"","_share_on_mastodon":"0"},"categories":[18],"tags":[527,37,33,35,34,36,5032,51,1259,159,158,922,1712,5034],"class_list":["post-143208","post","type-post","status-publish","format-standard","has-post-thumbnail","category-sport","tag-bundesliga","tag-ee","tag-eesti","tag-eesti-keel","tag-estonia","tag-estonian","tag-hint","tag-saksamaa","tag-saksamaa-korgliiga","tag-sport","tag-sports","tag-trevor-hint","tag-wolfsburg","tag-wolfsburg-u19"],"share_on_mastodon":{"url":"https:\/\/pubeurope.com\/@ee\/116329037477807101","error":""},"_links":{"self":[{"href":"https:\/\/www.europesays.com\/ee\/wp-json\/wp\/v2\/posts\/143208","targetHints":{"allow":["GET"]}}],"collection":[{"href":"https:\/\/www.europesays.com\/ee\/wp-json\/wp\/v2\/posts"}],"about":[{"href":"https:\/\/www.europesays.com\/ee\/wp-json\/wp\/v2\/types\/post"}],"author":[{"embeddable":true,"href":"https:\/\/www.europesays.com\/ee\/wp-json\/wp\/v2\/users\/2"}],"replies":[{"embeddable":true,"href":"https:\/\/www.europesays.com\/ee\/wp-json\/wp\/v2\/comments?post=143208"}],"version-history":[{"count":0,"href":"https:\/\/www.europesays.com\/ee\/wp-json\/wp\/v2\/posts\/143208\/revisions"}],"wp:featuredmedia":[{"embeddable":true,"href":"https:\/\/www.europesays.com\/ee\/wp-json\/wp\/v2\/media\/143209"}],"wp:attachment":[{"href":"https:\/\/www.europesays.com\/ee\/wp-json\/wp\/v2\/media?parent=143208"}],"wp:term":[{"taxonomy":"category","embeddable":true,"href":"https:\/\/www.europesays.com\/ee\/wp-json\/wp\/v2\/categories?post=143208"},{"taxonomy":"post_tag","embeddable":true,"href":"https:\/\/www.europesays.com\/ee\/wp-json\/wp\/v2\/tags?post=143208"}],"curies":[{"name":"wp","href":"https:\/\/api.w.org\/{rel}","templated":true}]}}