{"id":143275,"date":"2026-04-01T12:21:09","date_gmt":"2026-04-01T12:21:09","guid":{"rendered":"https:\/\/www.europesays.com\/ee\/143275\/"},"modified":"2026-04-01T12:21:09","modified_gmt":"2026-04-01T12:21:09","slug":"james-ja-doncic-kirjutasid-nba-ajalooraamatusse-taas-uusi-peatukke","status":"publish","type":"post","link":"https:\/\/www.europesays.com\/ee\/143275\/","title":{"rendered":"James ja Doncic kirjutasid NBA ajalooraamatusse taas uusi peat\u00fckke"},"content":{"rendered":"<p>James sai suurliigas 1229. v\u00f5idu k\u00f5igi m\u00e4ngude (p\u00f5hihooajad ja play-off&#8217;id) kokku. Sellega t\u00f5usis ta k\u00f5igi aegade parimaks, m\u00f6\u00f6dudes eelmise sajandi 70-80-ndatel valitsenud tsentrist Kareem Abdul-Jabbarist. Abdul-Jabbar tuli kuuel korral NBA meistriks, neist 1971. aastal Milwaukee Bucksi ning perioodil 1980-1988 viiel korral Lakersi ridades.<\/p>\n","protected":false},"excerpt":{"rendered":"James sai suurliigas 1229. v\u00f5idu k\u00f5igi m\u00e4ngude (p\u00f5hihooajad ja play-off&#8217;id) kokku. Sellega t\u00f5usis ta k\u00f5igi aegade parimaks, m\u00f6\u00f6dudes&hellip;\n","protected":false},"author":2,"featured_media":143276,"comment_status":"","ping_status":"","sticky":false,"template":"","format":"standard","meta":{"footnotes":"","_share_on_mastodon":"0"},"categories":[18],"tags":[66464,66471,66463,17514,37,33,35,34,36,66466,66461,56564,66465,66469,7833,7834,13488,14597,11185,4391,66468,66467,66462,66472,66470,159,158],"class_list":["post-143275","post","type-post","status-publish","format-standard","has-post-thumbnail","category-sport","tag-40-punkti-jarjestikustes-mangudes","tag-50-voidu-hooaeg","tag-600-punkti-uhes-kalendrikuus","tag-cleveland-cavaliers","tag-ee","tag-eesti","tag-eesti-keel","tag-estonia","tag-estonian","tag-idakonverents","tag-jj-redick","tag-kareem-abdul-jabbar","tag-laanekonverents","tag-lakersi-ajalugu","tag-lebron-james","tag-los-angeles-lakers","tag-luka-doncic","tag-michael-jordan","tag-milwaukee-bucks","tag-nba","tag-nba-play-offid","tag-nba-pohihooaeg","tag-nba-rekordid","tag-nba-statistika","tag-phil-jackson","tag-sport","tag-sports"],"share_on_mastodon":{"url":"https:\/\/pubeurope.com\/@ee\/116329426791135313","error":""},"_links":{"self":[{"href":"https:\/\/www.europesays.com\/ee\/wp-json\/wp\/v2\/posts\/143275","targetHints":{"allow":["GET"]}}],"collection":[{"href":"https:\/\/www.europesays.com\/ee\/wp-json\/wp\/v2\/posts"}],"about":[{"href":"https:\/\/www.europesays.com\/ee\/wp-json\/wp\/v2\/types\/post"}],"author":[{"embeddable":true,"href":"https:\/\/www.europesays.com\/ee\/wp-json\/wp\/v2\/users\/2"}],"replies":[{"embeddable":true,"href":"https:\/\/www.europesays.com\/ee\/wp-json\/wp\/v2\/comments?post=143275"}],"version-history":[{"count":0,"href":"https:\/\/www.europesays.com\/ee\/wp-json\/wp\/v2\/posts\/143275\/revisions"}],"wp:featuredmedia":[{"embeddable":true,"href":"https:\/\/www.europesays.com\/ee\/wp-json\/wp\/v2\/media\/143276"}],"wp:attachment":[{"href":"https:\/\/www.europesays.com\/ee\/wp-json\/wp\/v2\/media?parent=143275"}],"wp:term":[{"taxonomy":"category","embeddable":true,"href":"https:\/\/www.europesays.com\/ee\/wp-json\/wp\/v2\/categories?post=143275"},{"taxonomy":"post_tag","embeddable":true,"href":"https:\/\/www.europesays.com\/ee\/wp-json\/wp\/v2\/tags?post=143275"}],"curies":[{"name":"wp","href":"https:\/\/api.w.org\/{rel}","templated":true}]}}