{"id":143392,"date":"2026-04-01T15:07:10","date_gmt":"2026-04-01T15:07:10","guid":{"rendered":"https:\/\/www.europesays.com\/ee\/143392\/"},"modified":"2026-04-01T15:07:10","modified_gmt":"2026-04-01T15:07:10","slug":"naiste-koondise-nimekiri-tammikuga-paide-toukas-flora-troonilt-soccernet-ee","status":"publish","type":"post","link":"https:\/\/www.europesays.com\/ee\/143392\/","title":{"rendered":"Naiste koondise nimekiri: Tammikuga Paide t\u00f5ukas Flora troonilt! &#8211; Soccernet.ee"},"content":{"rendered":"<p><img decoding=\"async\" src=\"https:\/\/www.europesays.com\/ee\/wp-content\/uploads\/2026\/04\/1743793156.jpg\" alt=\"Lisette Tammik on tagasi koondises. Foto: Liisi Troska \/ jalgpall.ee\"\/>&#13;\n<\/p>\n<p>Eesti naiste koondis peab aprillikuu aknas kolm kohtumist. Peatreener Aleksandra \u0160evoldajeva valis koosseisu enim m\u00e4ngijaid esimest hooaega naiste Meistriliigas pallivast Paide Linnanaiskonnast.<\/p>\n<p>Naiste koondist ootab algavas aknas esmalt eest T\u0161ehhi U23 koondis, kellega peetakse mitteametlik maav\u00f5istlus. Sellele j\u00e4rgnevad kodused MM-valikm\u00e4ngud Liechtensteini ja Leeduga. Peatreener Aleksandra \u0160evoldajeva valis kokku v\u00e4lja 25 nime, kellest kaks &#8211; Lisette Tammik ja Katriin Saulus &#8211; liituvad koondisega ametlikeks kohtumisteks.&#13;\n<\/p>\n<p>80 kohtumist kirja saanud Tammik liitub koondisega p\u00e4rast aastast tervisemuredest tingitud pausi ning Liisa Merisalu, kes tegi eelmise akna treenijana kaasa, on naaseb p\u00e4rast mullust juunikuud. Taas on valikus ka 18-aastane r\u00fcndaja An\u017eelika Jotkina ja 17-aastane poolkaitsja Nicole Kelli, kes olid viimastes akendes U19 koondise juures p\u00f5hirolli kandmas. Lisaks Kellile on potentsiaalseks deb\u00fctandiks Elisabet Polstjanova.&#13;\n<\/p>\n<p>\u00dches Tammiku ja Kelli kaasamisega on Paide Linnanaiskond esindanud naiste A-koondises suurimalt &#8211; viie m\u00e4ngijaga. Tavaliselt on see troon kuulunud kaheksakordsele Eesti meistrile Tallinna FC Florale, kelle ridadest valiti v\u00e4lja neli m\u00e4ngijat. Samas l\u00e4ks eelmisel hooajal mitu florakat v\u00e4lisklubidesse &#8211; n\u00e4iteks kolmik Cataniasse.<\/p>\n<p>Tervislikel p\u00f5hjustel j\u00e4\u00e4b koondisest eemale Karola Purgats ning pikemaajalise vigastuse t\u00f5ttu Getter Saar ja Sandra P\u00e4rn. V\u00f5rreldes eelmise valikuga ei saanud sel korral kutset Anett Joandi ja Anastasija Ju\u017eaninova. Kapten Inna Kiss-Zlidnis on lapseootel.&#13;\n<\/p>\n<p><a href=\"https:\/\/jalgpall.ee\/koondis\/7\/uudised\/selgus-eesti-naiste-koondise-koosseis-aprillikuu-mangudeks-n25801\" target=\"_blank\" rel=\"nofollow noopener\">Jalgpall.ee kirjutab<\/a>, et \u0160evoldajeva s\u00f5nul annab mitteametlik maav\u00f5istlus enne valikm\u00e4nge v\u00f5imaluse jagada m\u00e4ngijate koormust ning katsetada erinevaid lahendusi. &#8220;Eelk\u00f5ige saame m\u00e4ngida hea kvaliteediga vastase vastu ning rakendada trennides tehtut. Lisaks annab selline kohtumine, kus vahetuste arv ei ole piiratud, v\u00f5imaluse koormust optimaalselt jagada. Kolme m\u00e4nguga aknas on aga k\u00f5ige olulisemad kohtumised, mis ootavad meid kodumurul,&#8221; r\u00e4\u00e4kis ta.&#13;\n<\/p>\n<p>\u0160evoldajeva hinnangul on koondisel punktim\u00e4ngudes arenguruumi eelk\u00f5ige r\u00fcndefaasis. &#8220;Leeduga oleme hiljuti kohtunud \u2013 aasta l\u00f5pus j\u00e4ime neile alla, viimati m\u00e4ngisime v\u00e4ravateta viiki. Pilt oli parem, kuid saame r\u00fcnnakul veel kindlamad ja ohtlikumad olla. Samal ajal peame hoidma kaitses distsipliini,&#8221; \u00fctles peatreener.&#13;\n<\/p>\n<p>&#8220;Liechtenstein on n\u00e4idanud, et nad suudavad v\u00e4ravaid l\u00fc\u00fca \u2013 seda nii Bosnia ja Hertsegoviina kui ka Leedu vastu. Peame olema maksimaalselt keskendunud igas m\u00e4nguhetkes ja hoidma asjad kontrolli all. Kuigi nad on olnud kaitses haavatavad, tuleb arvestada, et suureskooriliste kaotuste j\u00e4rel v\u00f5ivad nad m\u00e4ngida v\u00e4ga kompaktselt. Oleme valmis, et peame resultatiivsuse nimel ise palju vaeva n\u00e4gema.&#8221;<\/p>\n<p>Koondis koguneb teisip\u00e4eval, 7. aprillil Tallinnas. T\u0161ehhi U23 \u2013 Eesti kohtumine toimub reedel, 10. aprillil Eesti aja j\u00e4rgi kell 13.30 Prahas SC Radotini staadionil. P\u00e4rast maav\u00f5istlust T\u0161ehhiga j\u00e4tkub Eesti jaoks MM-valiksari kodumurul, kui teisip\u00e4eval, 14. aprillil kell 18.00 minnakse vastamisi Liechtensteiniga ning laup\u00e4eval, 18. aprillil algusega kell 17.00 kohtutakse Leeduga. M\u00f5lema m\u00e4ngu otsepilti n\u00e4eb Soccernet TV vahendusel.&#13;\n<\/p>\n<p>Naiste koondise koosseis aprillikuu m\u00e4ngudeks:&#13;\n<\/p>\n<p>V\u00e4ravavahid<br \/>&#13;<br \/>\nKatarina Elisabeth K\u00e4pa (16.03.2006) \u2013 Konini Medyk (POL) 12\/0<br \/>&#13;<br \/>\nVictoria Vihman (05.08.2004) \u2013 Tallinna FC Flora 2\/0<br \/>&#13;<br \/>\nLiisa Liimets (04.04.2006) \u2013 Viimsi JK 2\/0&#13;\n<\/p>\n<p>Kaitsjad<br \/>&#13;<br \/>\nKelly Rosen (23.11.1995) \u2013 Tallinna FC Flora 99\/1<br \/>&#13;<br \/>\nSiret R\u00e4\u00e4met (31.12.1999) \u2013 LASK (AUT) 61\/1<br \/>&#13;<br \/>\nAnnegret Kala (03.05.2006) \u2013 Paide Linnanaiskond 23\/1<br \/>&#13;<br \/>\nRahel Repkin (17.06.1998) \u2013 Paide Linnanaiskond 21\/0<br \/>&#13;<br \/>\nKristiina Tullus (12.09.1998) \u2013 Tallinna FC Flora 19\/0<br \/>&#13;<br \/>\nHelina Tarkmeel (20.09.2005) \u2013 Tallinna FC Flora 9\/0<br \/>&#13;<br \/>\nElisabet Polstjanova (01.03.2005) \u2013 Viimsi JK 0\/0&#13;\n<\/p>\n<p>Poolkaitsjad<br \/>&#13;<br \/>\nMari Liis Lillem\u00e4e (01.09.2000) \u2013 Catania FC (ITA) 66\/3<br \/>&#13;<br \/>\nLiisa Merisalu (15.01.2002) \u2013 Viimsi JK 47\/3<br \/>&#13;<br \/>\nKatrin Kirpu (09.10.2004) \u2013 \u017dNK Agram (CRO) 27\/2<br \/>&#13;<br \/>\nJaanika Volkov (20.02.2005) \u2013 LASK (AUT) 25\/0<br \/>&#13;<br \/>\nAnette Salei (28.09.2005) \u2013 US Colomiers Football (FRA) 25\/3<br \/>&#13;<br \/>\nLiselle Palts (02.12.2005) \u2013 Catania FC (ITA) 14\/1<br \/>&#13;<br \/>\nLoviise M\u00e4nniste (24.02.2008) \u2013 Elva FC 10\/0<br \/>&#13;<br \/>\nLisandra Rannasto (13.01.2004) \u2013 Paide Linnanaiskond 8\/0<br \/>&#13;<br \/>\nNicole Kelli (26.05.2008) \u2013 Paide Linnanaiskond 0\/0&#13;\n<\/p>\n<p>R\u00fcndajad<br \/>&#13;<br \/>\nVlada Kubassova (23.08.1995) \u2013 Ferencvarosi TC (HUN) 83\/14<br \/>&#13;<br \/>\nLisette Tammik (14.10.1998) \u2013 Paide Linnanaiskond 80\/16*<br \/>&#13;<br \/>\nEmma Treiberg (19.11.2000) \u2013 Saku Sporting 43\/4<br \/>&#13;<br \/>\nKristina Teern (13.11.2004) \u2013 Catania FC (ITA) 24\/3<br \/>&#13;<br \/>\nKatriin Saulus (05.07.2003) \u2013 Saku Sporting 17\/1*<br \/>&#13;<br \/>\nAn\u017eelika Jotkina (10.09.2007) \u2013 FC Basel (SUI) 3\/0&#13;\n<\/p>\n<p>* &#8211; liituvad koondisega p\u00e4rast maav\u00f5istlust Eestis<\/p>\n<p>Peatreener: Aleksandra \u0160evoldajeva                         <\/p>\n","protected":false},"excerpt":{"rendered":"&#13; Eesti naiste koondis peab aprillikuu aknas kolm kohtumist. Peatreener Aleksandra \u0160evoldajeva valis koosseisu enim m\u00e4ngijaid esimest hooaega&hellip;\n","protected":false},"author":2,"featured_media":143393,"comment_status":"","ping_status":"","sticky":false,"template":"","format":"standard","meta":{"footnotes":"","_share_on_mastodon":"0"},"categories":[18],"tags":[9331,37,33,35,34,36,9396,14260,9654,11204,9644,159,158,6895],"class_list":["post-143392","post","type-post","status-publish","format-standard","has-post-thumbnail","category-sport","tag-aleksandra-sevoldajeva","tag-ee","tag-eesti","tag-eesti-keel","tag-estonia","tag-estonian","tag-lisette-tammik","tag-naiste-a-koondis","tag-naiste-koondis","tag-nimekiri","tag-sevoldajeva","tag-sport","tag-sports","tag-tammik"],"share_on_mastodon":{"url":"https:\/\/pubeurope.com\/@ee\/116330079477107366","error":""},"_links":{"self":[{"href":"https:\/\/www.europesays.com\/ee\/wp-json\/wp\/v2\/posts\/143392","targetHints":{"allow":["GET"]}}],"collection":[{"href":"https:\/\/www.europesays.com\/ee\/wp-json\/wp\/v2\/posts"}],"about":[{"href":"https:\/\/www.europesays.com\/ee\/wp-json\/wp\/v2\/types\/post"}],"author":[{"embeddable":true,"href":"https:\/\/www.europesays.com\/ee\/wp-json\/wp\/v2\/users\/2"}],"replies":[{"embeddable":true,"href":"https:\/\/www.europesays.com\/ee\/wp-json\/wp\/v2\/comments?post=143392"}],"version-history":[{"count":0,"href":"https:\/\/www.europesays.com\/ee\/wp-json\/wp\/v2\/posts\/143392\/revisions"}],"wp:featuredmedia":[{"embeddable":true,"href":"https:\/\/www.europesays.com\/ee\/wp-json\/wp\/v2\/media\/143393"}],"wp:attachment":[{"href":"https:\/\/www.europesays.com\/ee\/wp-json\/wp\/v2\/media?parent=143392"}],"wp:term":[{"taxonomy":"category","embeddable":true,"href":"https:\/\/www.europesays.com\/ee\/wp-json\/wp\/v2\/categories?post=143392"},{"taxonomy":"post_tag","embeddable":true,"href":"https:\/\/www.europesays.com\/ee\/wp-json\/wp\/v2\/tags?post=143392"}],"curies":[{"name":"wp","href":"https:\/\/api.w.org\/{rel}","templated":true}]}}