{"id":143402,"date":"2026-04-01T15:22:15","date_gmt":"2026-04-01T15:22:15","guid":{"rendered":"https:\/\/www.europesays.com\/ee\/143402\/"},"modified":"2026-04-01T15:22:15","modified_gmt":"2026-04-01T15:22:15","slug":"foto-kas-vene-laevastik-viskas-vaikselt-oma-suurima-soja-ja-lipulaeva-lihtsalt-minema-3","status":"publish","type":"post","link":"https:\/\/www.europesays.com\/ee\/143402\/","title":{"rendered":"FOTO | Kas Vene laevastik viskas vaikselt oma suurima s\u00f5ja- ja lipulaeva lihtsalt minema?"},"content":{"rendered":"<p><a rel=\"noopener follow nofollow\" target=\"_blank\" href=\"https:\/\/t.me\/weaponsrusq\/1329\" data-rel-date-range=\"[]\">V\u00e4rske foto<\/a> Venemaa ainsast lennukikandjast Admiral Kuznetsov n\u00e4itab, et alus seisab endiselt Murmanskis ja on remondis, kuhu see saadeti juba 2017. aastal. \u00dcheksa aasta jooksul pole laeva korda tehtud ja selle seisukord on pigem halvenenud. See kinnitab varasemaid hinnanguid, et laev ei pruugigi enam kunagi teenistusse naasta.<\/p>\n<p>Remont on veninud aastatepikkuseks, neelanud \u00fcle 100 miljardi rubla ehk miljard eurot ning samal ajal on korduvalt arutatud ka varianti muuta laev muuseumiks v\u00f5i anda see lihtsalt vanarauaks. V\u00f5rdluseks: mitu riiki on sama ajaga ehitanud t\u00e4iesti uusi, m\u00e4rksa suuremaid lennukikandjaid. Ent Venemaa pole suutnud oma \u00fcht ja ainust sellist alust t\u00f6\u00f6korras hoida.<\/p>\n<p>Oled juba tellija?Logi sisse<\/p>\n<p><a href=\"https:\/\/forte.delfi.ee\/artikkel\/120564896\/foto-kas-vene-laevastik-viskas-vaikselt-oma-suurima-soja-ja-lipulaeva-lihtsalt-minema\/kommentaarid\" class=\"article-body-bottom__comment article-body-bottom__comment--write button button--primary button--size-auto\" rel=\"nofollow noopener\" target=\"_blank\"> Kommenteeri <\/a><a href=\"https:\/\/forte.delfi.ee\/artikkel\/120564896\/foto-kas-vene-laevastik-viskas-vaikselt-oma-suurima-soja-ja-lipulaeva-lihtsalt-minema\/kommentaarid\" class=\"article-body-bottom__comment article-body-bottom__comment--read button button--size-auto\" rel=\"nofollow noopener\" target=\"_blank\"> Loe kommentaare (70)<\/a><\/p>\n","protected":false},"excerpt":{"rendered":"V\u00e4rske foto Venemaa ainsast lennukikandjast Admiral Kuznetsov n\u00e4itab, et alus seisab endiselt Murmanskis ja on remondis, kuhu see&hellip;\n","protected":false},"author":2,"featured_media":143333,"comment_status":"","ping_status":"","sticky":false,"template":"","format":"standard","meta":{"footnotes":"","_share_on_mastodon":"0"},"categories":[5],"tags":[26,27,37,33,35,34,36,31,32,21,28,29,19,25,23,24,22,20,1931,30],"class_list":["post-143402","post","type-post","status-publish","format-standard","has-post-thumbnail","category-uldised-uudised","tag-breaking-news","tag-breakingnews","tag-ee","tag-eesti","tag-eesti-keel","tag-estonia","tag-estonian","tag-featured-news","tag-featurednews","tag-headlines","tag-latest-news","tag-latestnews","tag-news","tag-populaarseimad-lood","tag-top-stories","tag-topstories","tag-uldised-uudised","tag-uudised","tag-vene-armee","tag-viimased-uudised"],"share_on_mastodon":{"url":"https:\/\/pubeurope.com\/@ee\/116330138345756492","error":""},"_links":{"self":[{"href":"https:\/\/www.europesays.com\/ee\/wp-json\/wp\/v2\/posts\/143402","targetHints":{"allow":["GET"]}}],"collection":[{"href":"https:\/\/www.europesays.com\/ee\/wp-json\/wp\/v2\/posts"}],"about":[{"href":"https:\/\/www.europesays.com\/ee\/wp-json\/wp\/v2\/types\/post"}],"author":[{"embeddable":true,"href":"https:\/\/www.europesays.com\/ee\/wp-json\/wp\/v2\/users\/2"}],"replies":[{"embeddable":true,"href":"https:\/\/www.europesays.com\/ee\/wp-json\/wp\/v2\/comments?post=143402"}],"version-history":[{"count":0,"href":"https:\/\/www.europesays.com\/ee\/wp-json\/wp\/v2\/posts\/143402\/revisions"}],"wp:featuredmedia":[{"embeddable":true,"href":"https:\/\/www.europesays.com\/ee\/wp-json\/wp\/v2\/media\/143333"}],"wp:attachment":[{"href":"https:\/\/www.europesays.com\/ee\/wp-json\/wp\/v2\/media?parent=143402"}],"wp:term":[{"taxonomy":"category","embeddable":true,"href":"https:\/\/www.europesays.com\/ee\/wp-json\/wp\/v2\/categories?post=143402"},{"taxonomy":"post_tag","embeddable":true,"href":"https:\/\/www.europesays.com\/ee\/wp-json\/wp\/v2\/tags?post=143402"}],"curies":[{"name":"wp","href":"https:\/\/api.w.org\/{rel}","templated":true}]}}