{"id":143924,"date":"2026-04-02T02:09:16","date_gmt":"2026-04-02T02:09:16","guid":{"rendered":"https:\/\/www.europesays.com\/ee\/143924\/"},"modified":"2026-04-02T02:09:16","modified_gmt":"2026-04-02T02:09:16","slug":"pisaraid-valanud-kapten-donnarumma-peame-uuesti-alustama-minister-itaalia-jalgpall-vajab-perestroikat-soccernet-ee","status":"publish","type":"post","link":"https:\/\/www.europesays.com\/ee\/143924\/","title":{"rendered":"Pisaraid valanud kapten Donnarumma: peame uuesti alustama (minister: Itaalia jalgpall vajab perestroikat!) &#8211; Soccernet.ee"},"content":{"rendered":"<p><img decoding=\"async\" src=\"https:\/\/www.europesays.com\/ee\/wp-content\/uploads\/2026\/04\/1775061049.jpg\" alt=\"Gianluigi Donnarumma pole t\u00e4nini m\u00e4nginud \u00fchtki m\u00e4ngu MM-il. Foto: Scanpix \/ IPA \/ SIPA\"\/>&#13;\n<\/p>\n<p>Teisip\u00e4eva hilis\u00f5htul Bosnia ja Hertsegoviinale penaltiseerias kaotanud Itaalia ei osale kolmandat j\u00e4rjestikust korda MM-finaalturniiril. L\u00f5puvile j\u00e4rel pisaraid valanud Itaalia koondise kapten Gianluigi Donnarumma s\u00f5nul j\u00e4i tema tiim eemale sealt, kuhu nad peaksid kuuluma.<\/p>\n<p>Viimati osales neljakordne maailmameister Itaalia MM-il 2014. aastal Brasiilias, kus p\u00e4rast avam\u00e4ngus Inglismaa alistamist j\u00e4\u00e4di alagruppi p\u00fcsima. Toona oli Donnarumma 15-aastane. Kaks aastat hiljem tegi ta Itaalia koondise eest deb\u00fc\u00fcdi, kuid t\u00e4naseni pole tal kirjas \u00fchtegi MM-m\u00e4ngu, sest 2018 Venemaal ja 2022 Kataris toimunud suurv\u00f5istlust vaatas ta telerist. Ka t\u00e4navu USA-s, Kanadas ja Mehhikos aset leidvale turniirile elab ta kaasa kodust.&#13;\n<\/p>\n<p>&#8220;Ma nutsin p\u00e4rast eilset m\u00e4ngu,&#8221; kirjutab Donnarumma Instagramis. &#8220;Nutsin pettumusest, sest me ei suutnud Itaaliat viia sinna, kuhu see peaks kuuluma.&#8221;&#13;\n<\/p>\n<p>\u201cNutsin tohutu kurbuse p\u00e4rast, mida tunnen koos kogu Azzurriga, mille kapteniks olemise \u00fcle olen uhke. Tean, et ka teie, meie koondise f\u00e4nnid, tunnete sama. Peame alustama uuesti,&#8221; lisas Manchester Citys leiba teeniv Donnarumma, kes peab MM-deb\u00fc\u00fcti ootama v\u00e4hemalt 31. eluaastani.<\/p>\n<p>Itaalia jalgpalliliidu president Gabriele Gravina andis kohalikule meediale m\u00e4rku, et soovib, et peatreener Gennaro Gattuso j\u00e4tkaks ametis. Spordiminister\u00a0Andrea Abodi n\u00f5uab seevastu, et toimuks suuremahuline perestroika, mis algaks alaliidu juhist.&#13;\n<\/p>\n<p>&#8220;On selge, et Itaalia jalgpall tuleks n\u00fc\u00fcd nullist \u00fcles ehitada. See algab muutustest Itaalia jalgpalliliidu juhatuses,&#8221; teatas Abodi.<\/p>\n","protected":false},"excerpt":{"rendered":"&#13; Teisip\u00e4eva hilis\u00f5htul Bosnia ja Hertsegoviinale penaltiseerias kaotanud Itaalia ei osale kolmandat j\u00e4rjestikust korda MM-finaalturniiril. L\u00f5puvile j\u00e4rel pisaraid&hellip;\n","protected":false},"author":2,"featured_media":143925,"comment_status":"","ping_status":"","sticky":false,"template":"","format":"standard","meta":{"footnotes":"","_share_on_mastodon":"0"},"categories":[18],"tags":[10179,11143,18669,37,33,35,34,36,2454,109,6885,10349,6890,159,158],"class_list":["post-143924","post","type-post","status-publish","format-standard","has-post-thumbnail","category-sport","tag-bosnia","tag-bosnia-ja-hertsegoviina","tag-donnarumma","tag-ee","tag-eesti","tag-eesti-keel","tag-estonia","tag-estonian","tag-gianluigi-donnarumma","tag-itaalia","tag-itaalia-koondis","tag-mm-2026","tag-mm2026","tag-sport","tag-sports"],"share_on_mastodon":{"url":"https:\/\/pubeurope.com\/@ee\/116332682664135851","error":""},"_links":{"self":[{"href":"https:\/\/www.europesays.com\/ee\/wp-json\/wp\/v2\/posts\/143924","targetHints":{"allow":["GET"]}}],"collection":[{"href":"https:\/\/www.europesays.com\/ee\/wp-json\/wp\/v2\/posts"}],"about":[{"href":"https:\/\/www.europesays.com\/ee\/wp-json\/wp\/v2\/types\/post"}],"author":[{"embeddable":true,"href":"https:\/\/www.europesays.com\/ee\/wp-json\/wp\/v2\/users\/2"}],"replies":[{"embeddable":true,"href":"https:\/\/www.europesays.com\/ee\/wp-json\/wp\/v2\/comments?post=143924"}],"version-history":[{"count":0,"href":"https:\/\/www.europesays.com\/ee\/wp-json\/wp\/v2\/posts\/143924\/revisions"}],"wp:featuredmedia":[{"embeddable":true,"href":"https:\/\/www.europesays.com\/ee\/wp-json\/wp\/v2\/media\/143925"}],"wp:attachment":[{"href":"https:\/\/www.europesays.com\/ee\/wp-json\/wp\/v2\/media?parent=143924"}],"wp:term":[{"taxonomy":"category","embeddable":true,"href":"https:\/\/www.europesays.com\/ee\/wp-json\/wp\/v2\/categories?post=143924"},{"taxonomy":"post_tag","embeddable":true,"href":"https:\/\/www.europesays.com\/ee\/wp-json\/wp\/v2\/tags?post=143924"}],"curies":[{"name":"wp","href":"https:\/\/api.w.org\/{rel}","templated":true}]}}