{"id":143935,"date":"2026-04-02T02:22:28","date_gmt":"2026-04-02T02:22:28","guid":{"rendered":"https:\/\/www.europesays.com\/ee\/143935\/"},"modified":"2026-04-02T02:22:28","modified_gmt":"2026-04-02T02:22:28","slug":"venemaa-suunas-droonid-tahtlikult-soome-ja-baltimaade-poole","status":"publish","type":"post","link":"https:\/\/www.europesays.com\/ee\/143935\/","title":{"rendered":"Venemaa suunas droonid tahtlikult Soome ja Baltimaade poole"},"content":{"rendered":"<p>Ukraina v\u00e4lisministri Andrii S\u00f5biha s\u00f5nul on Ukraina k\u00e4sutuses luureandmed, mis viitavad sellele, et Venemaa suunas droonid tahtlikult Balti riikide ja Soome poole, et tekitada pingeid, vahendab BNS viitega v\u00e4ljaandele Kyiv Independent.<\/p>\n<p>Kiievis koos Euroopa Liidu v\u00e4lispoliitika juhi Kaja Kallasega teisip\u00e4eval antud pressikonverentsil \u00fctles S\u00f5biha, et Ukraina on seoses hiljutiste droonijuhtumitega pidevas kontaktis Eesti, L\u00e4ti, Leedu ja Soomega.<\/p>\n<p>Luureandmed viitavad sellele, et Venemaa v\u00f5ib p\u00fc\u00fcda tekitada pingeid Ukraina ja selle Euroopa liitlaste vahel, s\u00fc\u00fcdistades Kiievit droonidega seotud intsidentides v\u00e4ljaspool oma piire.<\/p>\n<p>\u201cMeil on luureandmed, mis kinnitavad, et k\u00f5igil neil juhtudel oli tegemist Venemaa tahtlike ja sihip\u00e4raste tegudega,\u201d \u00fctles Sybiha.<\/p>\n<p>S\u00f5biha s\u00f5nul ei ole Ukraina kunagi tahtlikult suunanud droone nende riikide suunas ning teeb koost\u00f6\u00f6d partneritega, et v\u00e4ltida sarnaseid intsidente tulevikus.<\/p>\n","protected":false},"excerpt":{"rendered":"Ukraina v\u00e4lisministri Andrii S\u00f5biha s\u00f5nul on Ukraina k\u00e4sutuses luureandmed, mis viitavad sellele, et Venemaa suunas droonid tahtlikult Balti&hellip;\n","protected":false},"author":2,"featured_media":143936,"comment_status":"","ping_status":"","sticky":false,"template":"","format":"standard","meta":{"footnotes":"","_share_on_mastodon":"0"},"categories":[80],"tags":[4716,5900,26,27,1274,37,33,35,34,36,31,32,21,45833,28,29,18707,95,19,25,113,23,24,262,22,20,96,30,92,93,94],"class_list":["post-143935","post","type-post","status-publish","format-standard","has-post-thumbnail","category-maailm","tag-andri-sobiha","tag-baltimaad","tag-breaking-news","tag-breakingnews","tag-droonid","tag-ee","tag-eesti","tag-eesti-keel","tag-estonia","tag-estonian","tag-featured-news","tag-featurednews","tag-headlines","tag-intsident","tag-latest-news","tag-latestnews","tag-luureandmed","tag-maailm","tag-news","tag-populaarseimad-lood","tag-soome","tag-top-stories","tag-topstories","tag-ukraina","tag-uldised-uudised","tag-uudised","tag-venemaa","tag-viimased-uudised","tag-world","tag-world-news","tag-worldnews"],"share_on_mastodon":{"url":"https:\/\/pubeurope.com\/@ee\/116332733669033090","error":""},"_links":{"self":[{"href":"https:\/\/www.europesays.com\/ee\/wp-json\/wp\/v2\/posts\/143935","targetHints":{"allow":["GET"]}}],"collection":[{"href":"https:\/\/www.europesays.com\/ee\/wp-json\/wp\/v2\/posts"}],"about":[{"href":"https:\/\/www.europesays.com\/ee\/wp-json\/wp\/v2\/types\/post"}],"author":[{"embeddable":true,"href":"https:\/\/www.europesays.com\/ee\/wp-json\/wp\/v2\/users\/2"}],"replies":[{"embeddable":true,"href":"https:\/\/www.europesays.com\/ee\/wp-json\/wp\/v2\/comments?post=143935"}],"version-history":[{"count":0,"href":"https:\/\/www.europesays.com\/ee\/wp-json\/wp\/v2\/posts\/143935\/revisions"}],"wp:featuredmedia":[{"embeddable":true,"href":"https:\/\/www.europesays.com\/ee\/wp-json\/wp\/v2\/media\/143936"}],"wp:attachment":[{"href":"https:\/\/www.europesays.com\/ee\/wp-json\/wp\/v2\/media?parent=143935"}],"wp:term":[{"taxonomy":"category","embeddable":true,"href":"https:\/\/www.europesays.com\/ee\/wp-json\/wp\/v2\/categories?post=143935"},{"taxonomy":"post_tag","embeddable":true,"href":"https:\/\/www.europesays.com\/ee\/wp-json\/wp\/v2\/tags?post=143935"}],"curies":[{"name":"wp","href":"https:\/\/api.w.org\/{rel}","templated":true}]}}