{"id":144357,"date":"2026-04-02T11:44:08","date_gmt":"2026-04-02T11:44:08","guid":{"rendered":"https:\/\/www.europesays.com\/ee\/144357\/"},"modified":"2026-04-02T11:44:08","modified_gmt":"2026-04-02T11:44:08","slug":"plekktrummi-kulaline-on-kirjandusteadlane-sirje-olesk-kirjandus","status":"publish","type":"post","link":"https:\/\/www.europesays.com\/ee\/144357\/","title":{"rendered":"&#8220;Plekktrummi&#8221; k\u00fclaline on kirjandusteadlane Sirje Olesk | Kirjandus"},"content":{"rendered":"<p>J\u00e4rgmisel n\u00e4dalal on vestlussaate &#8220;Plekktrumm&#8221; k\u00fclaline kirjandusteadlane Sirje Olesk.<\/p>\n<p>\u00dcha enam annab tooni naiskirjanduse t\u00f5usulaine, mida r\u00f5hutab ka Eesti naiskirjanduse auhinna ellukutsumine. Milline positsioon on olnud naiste kirjutatud raamatutel alates 160 aastat tagasi ilmunud Lydia Koidula esimesest luulekogust &#8220;Vainulilled&#8221;?\u00a0&#8220;Plekktrummi&#8221; k\u00fclaline on kirjandusteadlane Sirje Olesk.<\/p>\n<p>aade on ETV2 eetris esmasp\u00e4eval kell 22. Vestlust juhib Joonas Hellerma.<\/p>\n","protected":false},"excerpt":{"rendered":"J\u00e4rgmisel n\u00e4dalal on vestlussaate &#8220;Plekktrumm&#8221; k\u00fclaline kirjandusteadlane Sirje Olesk. \u00dcha enam annab tooni naiskirjanduse t\u00f5usulaine, mida r\u00f5hutab ka&hellip;\n","protected":false},"author":2,"featured_media":144358,"comment_status":"","ping_status":"","sticky":false,"template":"","format":"standard","meta":{"footnotes":"","_share_on_mastodon":"0"},"categories":[16],"tags":[37,33,35,173,34,36,140,9873,52962],"class_list":["post-144357","post","type-post","status-publish","format-standard","has-post-thumbnail","category-meelelahutus","tag-ee","tag-eesti","tag-eesti-keel","tag-entertainment","tag-estonia","tag-estonian","tag-meelelahutus","tag-plekktrumm","tag-sirje-olesk"],"share_on_mastodon":{"url":"https:\/\/pubeurope.com\/@ee\/116334943671014537","error":""},"_links":{"self":[{"href":"https:\/\/www.europesays.com\/ee\/wp-json\/wp\/v2\/posts\/144357","targetHints":{"allow":["GET"]}}],"collection":[{"href":"https:\/\/www.europesays.com\/ee\/wp-json\/wp\/v2\/posts"}],"about":[{"href":"https:\/\/www.europesays.com\/ee\/wp-json\/wp\/v2\/types\/post"}],"author":[{"embeddable":true,"href":"https:\/\/www.europesays.com\/ee\/wp-json\/wp\/v2\/users\/2"}],"replies":[{"embeddable":true,"href":"https:\/\/www.europesays.com\/ee\/wp-json\/wp\/v2\/comments?post=144357"}],"version-history":[{"count":0,"href":"https:\/\/www.europesays.com\/ee\/wp-json\/wp\/v2\/posts\/144357\/revisions"}],"wp:featuredmedia":[{"embeddable":true,"href":"https:\/\/www.europesays.com\/ee\/wp-json\/wp\/v2\/media\/144358"}],"wp:attachment":[{"href":"https:\/\/www.europesays.com\/ee\/wp-json\/wp\/v2\/media?parent=144357"}],"wp:term":[{"taxonomy":"category","embeddable":true,"href":"https:\/\/www.europesays.com\/ee\/wp-json\/wp\/v2\/categories?post=144357"},{"taxonomy":"post_tag","embeddable":true,"href":"https:\/\/www.europesays.com\/ee\/wp-json\/wp\/v2\/tags?post=144357"}],"curies":[{"name":"wp","href":"https:\/\/api.w.org\/{rel}","templated":true}]}}