{"id":144405,"date":"2026-04-02T12:47:10","date_gmt":"2026-04-02T12:47:10","guid":{"rendered":"https:\/\/www.europesays.com\/ee\/144405\/"},"modified":"2026-04-02T12:47:10","modified_gmt":"2026-04-02T12:47:10","slug":"staazikas-telerezissoor-elo-selirand-pistis-kaante-vahele-ekraanitagused-seiklused-kuulsate-kolleegidega","status":"publish","type":"post","link":"https:\/\/www.europesays.com\/ee\/144405\/","title":{"rendered":"Staa\u017eikas telere\u017eiss\u00f6\u00f6r Elo Selirand pistis kaante vahele ekraanitagused seiklused kuulsate kolleegidega"},"content":{"rendered":"<p>Tavaliselt avaldatakse mahlakaid lugusid, kui asjaosalised ise pole enam elavate kirjas, ent Elo tegi teisiti. Need, kes on tema k\u00f5rval, on seal t\u00e4naseni ning \u00fchtlasi talletatud ka l\u00f5busasse raamatusse. <\/p>\n<p>\u201eMa lasin m\u00f5nel v\u00f5\u00f5ral k\u00e4sikirja lugeda ka, et ega keegi seal ei saa solvuda. Sain tagasisidet, et ainus, kes peaks solvuma, on Elo Selirand,\u201c muheleb autor.<\/p>\n<p><img decoding=\"async\" src=\"https:\/\/www.europesays.com\/ee\/wp-content\/uploads\/2026\/04\/74ecc4d0-7ebf-11ec-9896-93c60d95f8a2.jpg\" loading=\"lazy\" alt=\"Elo Selirand\"\/><\/p>\n<p class=\"MsoNormal\">Staa\u017eikas telere\u017eiss\u00f6\u00f6r Selirand alustas <a rel=\"noopener nofollow\" target=\"_blank\" href=\"https:\/\/www.delfi.ee\/teema\/71563033\/etv-1\" tag-id=\"71563033\">ETVs<\/a> 1998. aastal, kui oli l\u00f5petanud Tallinna Pedagoogika \u00dclikooli telere\u017eii esimese lennu. Arvukate teatri- ja lastesarjade, otse\u00fclekannete, \u201eTerevisiooni\u201c ning \u201ePrillitoosi\u201c re\u017eiss\u00f6\u00f6r on kirjutanud k\u00fcmme raamatut, osa neist Aliis J\u00f5e nime all. \u201eTormipuudlane\u201c t\u00f5i Selirannale 2019. aastal Anton Hansen Tammsaare preemia. <\/p>\n<p class=\"MsoNormal\">\u201eKui saaks teha saateid sellest, kuidas teha saateid, siis tuleks v\u00e4lja, et t\u00f5eliselt v\u00e4rvikad t\u00fc\u00fcbid on kaadri taga. Nemadki annavad k\u00f5ik ja see v\u00f5ib neile endile saatuslikuks saada, aga saade \u2013 see ei saa kunagi valmis, see l\u00e4heb eetrisse!\u201c tsiteerib Elo Mati Talviku aegumatut m\u00f5tet.<\/p>\n<p><img decoding=\"async\" src=\"https:\/\/www.europesays.com\/ee\/wp-content\/uploads\/2026\/04\/9a8af620-0426-11ed-8eb4-cfea2c5bf443.jpg\" loading=\"lazy\" alt=\"RE\u017dISS\u00d6\u00d6R Elo Selirand karj\u00e4\u00e4ri algusaastatel.\"\/>Kuidas see lugu Sind end tundma pani? Saada <a href=\"https:\/\/kroonika.delfi.ee\/artikkel\/120564586\/staazikas-telerezissoor-elo-selirand-pistis-kaante-vahele-ekraanitagused-seiklused-kuulsate-kolleegidega\/kommentaarid\" class=\"article-body-bottom__comment article-body-bottom__comment--write button button--primary button--size-auto\" rel=\"nofollow noopener\" target=\"_blank\"> Kommenteeri <\/a><a href=\"https:\/\/kroonika.delfi.ee\/artikkel\/120564586\/staazikas-telerezissoor-elo-selirand-pistis-kaante-vahele-ekraanitagused-seiklused-kuulsate-kolleegidega\/kommentaarid\" class=\"article-body-bottom__comment article-body-bottom__comment--read button button--size-auto\" rel=\"nofollow noopener\" target=\"_blank\"> Loe kommentaare <\/a><\/p>\n","protected":false},"excerpt":{"rendered":"Tavaliselt avaldatakse mahlakaid lugusid, kui asjaosalised ise pole enam elavate kirjas, ent Elo tegi teisiti. Need, kes on&hellip;\n","protected":false},"author":2,"featured_media":144406,"comment_status":"","ping_status":"","sticky":false,"template":"","format":"standard","meta":{"footnotes":"","_share_on_mastodon":"0"},"categories":[85],"tags":[37,33,35,33836,173,34,36,258,140,222],"class_list":["post-144405","post","type-post","status-publish","format-standard","has-post-thumbnail","category-tv","tag-ee","tag-eesti","tag-eesti-keel","tag-elo-selirand","tag-entertainment","tag-estonia","tag-estonian","tag-etv","tag-meelelahutus","tag-tv"],"share_on_mastodon":{"url":"https:\/\/pubeurope.com\/@ee\/116335191203115029","error":""},"_links":{"self":[{"href":"https:\/\/www.europesays.com\/ee\/wp-json\/wp\/v2\/posts\/144405","targetHints":{"allow":["GET"]}}],"collection":[{"href":"https:\/\/www.europesays.com\/ee\/wp-json\/wp\/v2\/posts"}],"about":[{"href":"https:\/\/www.europesays.com\/ee\/wp-json\/wp\/v2\/types\/post"}],"author":[{"embeddable":true,"href":"https:\/\/www.europesays.com\/ee\/wp-json\/wp\/v2\/users\/2"}],"replies":[{"embeddable":true,"href":"https:\/\/www.europesays.com\/ee\/wp-json\/wp\/v2\/comments?post=144405"}],"version-history":[{"count":0,"href":"https:\/\/www.europesays.com\/ee\/wp-json\/wp\/v2\/posts\/144405\/revisions"}],"wp:featuredmedia":[{"embeddable":true,"href":"https:\/\/www.europesays.com\/ee\/wp-json\/wp\/v2\/media\/144406"}],"wp:attachment":[{"href":"https:\/\/www.europesays.com\/ee\/wp-json\/wp\/v2\/media?parent=144405"}],"wp:term":[{"taxonomy":"category","embeddable":true,"href":"https:\/\/www.europesays.com\/ee\/wp-json\/wp\/v2\/categories?post=144405"},{"taxonomy":"post_tag","embeddable":true,"href":"https:\/\/www.europesays.com\/ee\/wp-json\/wp\/v2\/tags?post=144405"}],"curies":[{"name":"wp","href":"https:\/\/api.w.org\/{rel}","templated":true}]}}