{"id":144460,"date":"2026-04-02T14:19:17","date_gmt":"2026-04-02T14:19:17","guid":{"rendered":"https:\/\/www.europesays.com\/ee\/144460\/"},"modified":"2026-04-02T14:19:17","modified_gmt":"2026-04-02T14:19:17","slug":"intervjuu-seitse-peatreenerit-ullatuse-pakkunud-sotimaa-ja-veel-suurem-koll-alex-matthias-tamm-oma-ouduste-hooajast-soccernet-ee","status":"publish","type":"post","link":"https:\/\/www.europesays.com\/ee\/144460\/","title":{"rendered":"Intervjuu | Seitse peatreenerit, \u00fcllatuse pakkunud \u0160otimaa ja veel suurem koll. Alex Matthias Tamm oma \u00f5uduste hooajast &#8211; Soccernet.ee"},"content":{"rendered":"<p><img decoding=\"async\" src=\"https:\/\/www.europesays.com\/ee\/wp-content\/uploads\/2026\/04\/1774651777.jpg\" alt=\"Alex Matthias Tamme jaoks oli koondisekutse oodatud vaheldus. Foto: Liisi Troska \/ jalgpall.ee\"\/>&#13;\n<\/p>\n<p>&#8220;K\u00f5ik v\u00f5ib \u00fcle\u00f6\u00f6 muutuda. T\u00f6\u00f6tan selle nimel, et kui \u00fchel p\u00e4eval peaks t\u00e4htede seis olema minu jaoks soodne, siis ei saaks keegi \u00f6elda, et n\u00e4e, ma ei olnud ise valmis,&#8221; r\u00e4\u00e4gib Alex Matthias Tamm, kes on sattunud ehk profikarj\u00e4\u00e4ri keerulisemasse perioodi. L\u00fchikese ajaga seitse erinevat peatreenerit ja eri p\u00f5hjustel kokku kuivanud m\u00e4nguaeg nii Ljubljana Olimpijas kui Livingstonis on k\u00f5va karastus, aga p\u00fcssi p\u00f5\u00f5sasse pole Tamm visanud.\u00a0<\/p>\n<p>Seda, kui erinevad v\u00f5ivad hooajad jalgpallis olla, ilmestab tema n\u00e4ide h\u00e4sti. 2025. aasta alguses N\u00f5mme Kaljust Sloveenia tippklubisse Ljubljana Olimpijasse siirdunud Tamm sai uues klubis kohe p\u00fcssi paukuma, l\u00f5i 12 liigam\u00e4nguga 6 v\u00e4ravat ning aitas meeskonna Sloveenia t\u0161empioniks. Uus hooaeg algas aga treenerivahetuste ja segadusega, millele j\u00e4rgnes talvine laenuleminek \u0160oti k\u00f5rgliiga tagumise otsa klubisse Livingston. Seal on m\u00e4nguaeg seni piirdunud vaid 50 minutiga &#8211; viimases neljas kohtumises on eestlane sootuks m\u00e4ngup\u00e4eva koosseisust v\u00e4lja j\u00e4\u00e4nud.&#13;\n<\/p>\n<p>On selge, et terve ja t\u00f6\u00f6kas 24-aastane jalgpallur ei ole \u00fche aastaga \u00fcht\u00e4kki halvemaks m\u00e4ngijaks j\u00e4\u00e4nud, vaid k\u00fcsimus on keskkonnas, usalduses ja enesekindluses. Soccernet.ee vestles Tammega Eesti koondise Rwanda laagris.&#13;\n<\/p>\n<p>Alex, kuidas l\u00e4heb?<br \/>&#13;<br \/>\nPraegu h\u00e4sti! Siin on p\u00e4ike ja ilus ilm, selles suhtes on m\u00f5nus vaheldus \u0160otimaa vihmasest ja tuulisest keskkonnast.&#13;\n<\/p>\n<p>Oled j\u00f5udnud Kigalis natuke ringi ka k\u00e4ia?<br \/>&#13;<br \/>\nSiit kinnisest hotellitsoonist olen \u00fche korra \u00fcle tee v\u00e4ikeses poes k\u00e4inud. Minu jaoks on alati kultuuriliselt huvitav n\u00e4ha, mis teistes riikides toidupoes toimub, millist kraami ja mida \u00fcldse pakutakse. Rohkem ma hotellialast igaks juhuks lahkunud pole.&#13;\n<\/p>\n<p>Tuled koondise juurde \u0160otimaalt, kuhu l\u00e4ksid aasta alguses laenule. Kelle initsiatiiv see oli?<br \/>&#13;<br \/>\nTundsin ise mingil m\u00e4\u00e4ral, et seda oleks vaja. V\u00f5ib k\u00fcll \u00f6elda, et see oli minu initsiatiiv, sest Olimpijast k\u00fcll sellist selget signaali ei tulnud, et nad mind ei tahaks v\u00f5i minuga ei arvestaks. Samas olen inimene, kes oskab v\u00e4ga h\u00e4sti ruumi lugeda ja aru saada, kuidas olukord tegelikult paistab. Ljubljanas puudutas see just seda, mis rollis praegune peatreener mind meeskonnas n\u00e4gi. Tundsin, et ma ei tea, kas sooviksin seal olla m\u00e4ngija, kes vahetatakse 1:0 eduseisus viimasteks minutiteks sisse m\u00e4ngu kindlustama, kuna teatakse, et olen t\u00f6\u00f6kas v\u00f5itleja ja ei virise kunagi. Samal ajal olid teatud m\u00e4ngud, kus meeskonnal oli v\u00e4ravat vaja, aga siis mind sisse ei vahetatud. Mul ei olnud peatreeneriga k\u00fcll sellist konkreetset jutuajamist, mis rollis ta mind n\u00e4eb, aga ruumi lugedes tundsin nii. V\u00f5ib-olla ei olegi see t\u00f5si, v\u00f5ib-olla kujutasin endale mingeid asju ette, aga tunne ei olnud seal igatahes k\u00f5ige parem.&#13;\n<\/p>\n<p><img decoding=\"async\" src=\"https:\/\/www.europesays.com\/ee\/wp-content\/uploads\/2026\/04\/1774382296.jpg\" alt=\"Alex Matthias Tamm koondise treeningul Kigalis. Foto: Liisi Troska \/ jalgpall.ee\"\/>&#13;\n<\/p>\n<p>Mitu treenerivahetust sul suvest saati l\u00f5puks oli? See treener, kes teid Sloveenia meistriks viis, l\u00e4ks ju kohe p\u00e4rast seda \u00e4ra.<br \/>&#13;<br \/>\nJust nii. Victor Sanchezega tulime meistriks. Suvel hooaja ettevalmistuse alguses toimus muudatus, tuli portugallane Jorge Simao, kes vahetati augusti alguses \u00e4ra, kui tuli hollandlane Erwin van de Looi, aga nende kahe vahepeal oli veel klubi seest kaheks n\u00e4dalaks kohuset\u00e4itja, kellega kaks eurom\u00e4ngu tegime ja kes mulle tegelikult v\u00e4ga meeldis. Mulle tundus, et ta kasutas oma v\u00f5imaluse \u00e4ra ja v\u00f5ttis sellest maksimumi, aga seej\u00e4rel tuli Erwin, kes kestis l\u00f5puks viis n\u00e4dalat. P\u00e4rast seda tuli argentiinlane Federico Bessone, kes on t\u00e4naseni Ljubljanas.&#13;\n<\/p>\n<p>Minu vaatenurgast toimus aga kaks vahetust veel: jaanuaris Livingstoni minnes sain ju endale uue peatreeneri, kolm n\u00e4dalat hiljem toimus ka Livingstonis veel peatreenerivahetus. Loeme need n\u00fc\u00fcd siis kokku&#8230; alates eelmise hooaja l\u00f5pust seitse erinevat peatreenerit ja kuus treenerivahetust! Praegu vaatan ehk seda olukorda pooleldi huumoriga, aga tegelikult see ju m\u00e4ngijat sisemiselt m\u00f5jutab v\u00e4ga palju. Mingil m\u00e4\u00e4ral kaotad ennast \u00e4ra.<\/p>\n<p>Kui palju sinu roll treenerivahetustega muutus?<br \/>&#13;<br \/>\nOmajagu. Esiteks on erinevad taktikalised n\u00fcansid: kuidas treener sind n\u00e4eb, milliseid tugevusi ta sinus n\u00e4eb ja kuidas ta arvab, et saad meeskonnale kasulik olla. Minul l\u00e4kski k\u00f5ige paremini Victoriga &#8211; tema n\u00e4gi minus neid tugevusi, mis tal tol hetkel v\u00f5istkonnast puudu oli. Seet\u00f5ttu sulandusin h\u00e4sti meeskonda sisse.&#13;\n<\/p>\n<p>Kirjelda pisut seda, kui suur klubi Livingston on. Kas Olimpijaga annab v\u00f5rrelda?<br \/>&#13;<br \/>\nOlimpija on ikka palju suurem klubi, see on Sloveenia tippklubi. Livingston on \u0160otimaal meeskond, kes on pendeldanud esiliiga ja k\u00f5rgliiga vahel ja asub ka v\u00e4iksemapoolses linnas. Hea n\u00e4ide oli see, kui m\u00e4ngisime kodus Rangersiga. Meie tulemused on olnud sellised nagu nad on olnud ja kodum\u00e4ngudel on tavaliselt kaks-kolm tuhat inimest. Rangers t\u00f5i aga enda poolt peaaaegu k\u00fcmme tuhat inimest kohale, nii et meie k\u00fcmnetuhandene staadion n\u00e4gi l\u00f5puks niimoodi v\u00e4lja, et \u00fches sektsioonis olid koduf\u00e4nnid ja \u00fclej\u00e4\u00e4nud kolm k\u00fclge olid Rangersi f\u00e4nne t\u00e4is. Reaalselt selline tunne, nagu vastastel oleks koduv\u00e4ljakueelis olnud.&#13;\n<\/p>\n<p>Eesti klubidega annab mingis osas v\u00f5rrelda?<br \/>&#13;<br \/>\nF\u00e4nne on ikka Livingstonil rohkem, klubil on ikka v\u00e4ga suur ajalugu. Teatud asjades on aga kindlasti Eesti klubidega v\u00f5rreldav. Ega \u00fcleval korrusel kontoris v\u00e4ga palju inimesi ei ole, ma arvan, et olen k\u00f5ik nendest juba \u00e4ra n\u00e4inud. Eestis on ju ka samamoodi, et kollektiiv on kompaktne, mitte k\u00f5ige suurem. Samas on treeningkompleksis taastumiseks v\u00e4ga k\u00f5vad vahendid, n\u00e4iteks saame kasutada h\u00fcperbaarilist hapnikuteraapiat ja kr\u00fcoteraapiat. S\u00fc\u00fca saame nii hommikul kui l\u00f5unal.&#13;\n<\/p>\n<blockquote class=\"instagram-media\" data-instgrm-captioned=\"\" data-instgrm-permalink=\"https:\/\/www.instagram.com\/p\/DTdkIgEjW5C\/?utm_source=ig_embed&amp;utm_campaign=loading\" data-instgrm-version=\"14\" style=\" background:#FFF; border:0; border-radius:3px; box-shadow:0 0 1px 0 rgba(0,0,0,0.5),0 1px 10px 0 rgba(0,0,0,0.15); margin: 1px; max-width:540px; min-width:326px; padding:0; width:99.375%; width:-webkit-calc(100% - 2px); width:calc(100% - 2px);\"><p>&#13;<br \/>\n&#13;\n<\/p><\/blockquote>\n<p>Kui \u0160otimaale l\u00e4ksid, said esialgu vahetusest minuteid, aga \u00fcsna pea kuivasid needki kokku. Kas asjad hakkasid sinu jaoks kohe algusest peale viltu vedama?<br \/>&#13;<br \/>\nTeadsin tegelikult, et algus v\u00f5ib olla keeruline, sest mul oli Ljubljanas viimane m\u00e4ng olnud detsembri alguses, aga \u0160otimaal ju j\u00f5ulude ajal pausi ei tehtud, mist\u00f5ttu l\u00e4ksin sinna sellise vormi pealt, kus ma polnud kolm n\u00e4dalat nii-\u00f6elda palli puutunud. Klubi oli sellist teadlik ja see oli l\u00e4bi r\u00e4\u00e4gitud, nad teadsid, et mul v\u00f5ib paar n\u00e4dalat aega minna, et ennast k\u00e4ima saada. Andsin ise ka endast parima, et v\u00f5imalikult kiiresti valmis olla. \u00dcks nende r\u00fcndaja lahkus &#8211; klubi teadis seda ette ja seet\u00f5ttu toodigi mind laenule asendajaks. Selline oli v\u00e4hemalt esialgne plaan.&#13;\n<\/p>\n<p>Viimastes m\u00e4ngudes j\u00e4id sa sootuks m\u00e4ngup\u00e4eva koosseisust v\u00e4lja, ei p\u00e4\u00e4senud isegi pingile. Treeneri otsus?<br \/>&#13;<br \/>\nKui n\u00fc\u00fcd Livingstonis treener vahetus, siis uus treener t\u00f5i klubisse tagasi \u00fche r\u00fcndaja (Joel Nouble &#8211; R.O.), kes oli vahepeal mitu\u00a0 kuud ilma klubita olnud. Tema profiil on selline, et ta on 1.95 pikk, \u00fcle 100 kilo, selline suur koll. V\u00f5tame n\u00e4iteks Promise Davidi ja paneme talle veel umbes 15-20 kilogrammi juurde. Ta on t\u00f5esti suur ja massiivne! Kui treener hakkab m\u00f5tlema, kumb enne vahetusest sisse tuua, kas mina v\u00f5i tema, siis pannaksegi pigem tema sinna ette ja hakatakse pikka palli laduma. Saan sellest ju k\u00f5igest aru, et tal ongi selle tugevusega eelis olemas. Ju siis n\u00e4hti, et ma ei ole piisavalt hea, ei v\u00e4\u00e4ri algkoosseisukohta ja siis ongi selline olukord, et&#8230;&#13;\n<\/p>\n<p>Mingit jutuajamist treeneriga ei ole olnud? V\u00f5i oled ruumi lugenud, et kui selline vend juba toodi, siis&#8230;<br \/>&#13;<br \/>\nKui ta alguses tuli, siis kaks p\u00f5gusat jutuajamist oli. Ta \u00fctles, et on v\u00e4ga rahul minu suhtumisega ja sellega, kuidas ma trenni teen. Ma ei hakka ju asju loopima v\u00f5i mingit jama tekitama, kui ma ei m\u00e4ngi. L\u00e4ksin ju Livingstoni, et klubi aidata, aga kui nad l\u00f5puks mu abi ei vaja, siis pole mul midagi teha. Lisaks tean ju ise ka, et ma ei ole tegelikult nende m\u00e4ngija, vaid seal ainult laenul. Neil ei ole mitte mingisugust kohustust mind \u00f5nnelikuna hoida v\u00f5i minule midagi head teha. Nende \u00fclesanne ei olegi mulle minuteid anda, et ma vaikselt sisse elaksin v\u00f5i koondiseks rohkem valmis oleksin. Ma ei n\u00f5ua ka seda.&#13;\n<\/p>\n<p>Olen v\u00f5tnud sellise hoiaku, et kontrollin neid asju, mida on mul v\u00f5imalik kontrollida. See, kas ma olen koosseisus v\u00f5i mitte, oleneb mingil m\u00e4\u00e4ral k\u00fcll sellest, kuidas ma treenin, aga on l\u00f5puks treeneri otsus. Tunnen, et minu karj\u00e4\u00e4r l\u00e4heb edasi, pean leidma teisi motivatsioone.&#13;\n<\/p>\n<p><img decoding=\"async\" src=\"https:\/\/www.europesays.com\/ee\/wp-content\/uploads\/2026\/04\/1763506092.jpg\" alt=\"&quot;Palli s\u00e4ilitamine ja sellega edasi liikumine, kui samal ajal vastased sul s\u00e4rgi k\u00fcljes ripuvad, iseloomustab h\u00e4sti seda, millised m\u00e4ngijad on seal liigas v\u00e4ga head,&quot; kirjeldab Tamm \u0160oti liigat. Foto: Liisi Troska \/ jalgpall.ee\"\/>&#13;\n<\/p>\n<p>Mis need teised motivatsioonid on?<br \/>&#13;<br \/>\nKas v\u00f5i koondis &#8211; hoian ennast vormis, sest tean, et v\u00f5imalus on olemas, et mind kutsutakse koondisesse. \u00dcritan hoida positiivset m\u00f5tlemist. R\u00fcndajatega v\u00f5ibki niimoodi vahel karj\u00e4\u00e4ris juhtuda. See hooaeg on suvest praeguseni olnud p\u00e4ris kehv, aga mentaalselt peab olema valmis, sest k\u00f5ik v\u00f5ib ka \u00fcle\u00f6\u00f6 muutuda. T\u00f6\u00f6tan selle nimel, et kui \u00fchel p\u00e4eval peaks t\u00e4htede seis olema minu jaoks soodne, n\u00e4iteks saab keegi vigastada, siis ei saaks keegi \u00f6elda, et n\u00e4e, ma ei olnud ise valmis. Tean, et annan endast alati maksimumi &#8211; kui tuleb, siis tuleb ja kui ei tule, siis ma midagi otseselt ei kaota.&#13;\n<\/p>\n<p>Kui palju sul Ljubljanaga hetkel kontakti on? Kuidas neil l\u00e4heb?<br \/>&#13;<br \/>\nPraegu on seal ka p\u00e4ris ebastabiilne. Nad m\u00e4ngisid endal karikav\u00f5istlustel kaardid p\u00e4ris kehvaks. Sloveenias saab karikav\u00f5itja otse Konverentsiliiga teise eelringi, kusjuures seal on karikav\u00f5istlustel veel selline huvitav n\u00fcanss, et hooaja alguses loositakse k\u00f5ik ringid ette \u00e4ra, mis t\u00e4hendab, et klubid saavad teoreetiliselt kohe algusest peale n\u00e4ha, milline nende teoreetiline tee finaali v\u00f5iks olla. Ja seal sattus nii, et kolm suurt klubi sattusid \u00fchte sektsiooni: Maribor, Celje ja Olimpija. Maribor kaotas kohe \u00fchele esiliigapundile ja Olimpija suutsime j\u00e4rgmises ringis Celje kukutada, nii et nad olid Sloveenia kolmest suurest veerandfinaaliks ainus alles j\u00e4\u00e4nud meeskond, aga seej\u00e4rel kaotasid nad ise sellelesamale esiliigameeskonnale.&#13;\n<\/p>\n<p>H\u00fcva, m\u00e4ngida pole sa eriti palju saanud, aga tunned sa endiselt, et \u0160oti jalgpall ja sealne m\u00e4ngustiil v\u00f5iks sulle sobida? Kui sa sinna l\u00e4ksid, siis \u00fches kommentaaris sa midagi taolist v\u00e4lja \u00fctlesid.<br \/>&#13;<br \/>\nKindlasti! Arvan, et kogu sealne \u00fclesehitus mulle meeldib, aga samas on ka nii, et kui ise m\u00f5tlesin, et olen f\u00fc\u00fcsiliselt tugev ja see on minu tugev k\u00fclg, siis sinna liigasse minnes saad aru, et see on seal normaalsus. Seal on palju raskem olla f\u00fc\u00fcsiliselt domineeriv, kusjuures asi ei ole mitte ainult puhtas j\u00f5us, vaid sinna juurde tuleb ka jooksmine ja muu. See on v\u00e4ga intensiivne liiga, kus v\u00e4ljakutingimused ka kohati ei lase v\u00e4ga tehnilist jalgpalli m\u00e4ngida. Hea m\u00e4ngija tunned \u00e4ra selle j\u00e4rgi, kui keegi tuleb talle suure laksuga selga, aga ta suudab ikka palli s\u00e4ilitada v\u00f5i duellides edukas olla.&#13;\n<\/p>\n<p>Kui n\u00fc\u00fcd koondisest ja p\u00e4ikese k\u00e4est tagasi klubisse vihma ja tuule k\u00e4tte l\u00e4hed, kas siis tuleb masendus ka peale? V\u00f5i suudad siiski positiivset m\u00f5tlemist hoida?<br \/>&#13;<br \/>\nEga see kerge ei ole. \u00dcritan v\u00f5tta maksimumi sellest, mis mulle antakse, aga praegu on raske \u00f6elda, mis seal \u00fcldse edasi saama hakkab. Teoreetiliselt ei ole veel midagi maha m\u00e4ngitud, aga kuus m\u00e4ngu on l\u00f5puni ja vahe eelviimase kohaga 12 punkti&#8230; K\u00f5ik saavad aru, mis olukord on ja ilmselt pingutatakse l\u00f5puni v\u00e4lja, aga ma t\u00e4pselt ei tea, milline hoiak klubi poolt v\u00f5etakse. N\u00e4iteks selles osas, millise koosseisuga m\u00e4ngima hakatakse.&#13;\n<\/p>\n<p>&#13;\n<\/p>\n<p>          <script async src=\"\/\/www.instagram.com\/embed.js\"><\/script><\/p>\n","protected":false},"excerpt":{"rendered":"&#13; &#8220;K\u00f5ik v\u00f5ib \u00fcle\u00f6\u00f6 muutuda. T\u00f6\u00f6tan selle nimel, et kui \u00fchel p\u00e4eval peaks t\u00e4htede seis olema minu jaoks&hellip;\n","protected":false},"author":2,"featured_media":144461,"comment_status":"","ping_status":"","sticky":false,"template":"","format":"standard","meta":{"footnotes":"","_share_on_mastodon":"0"},"categories":[18],"tags":[915,37,33,35,34,36,39548,2526,2527,159,158],"class_list":["post-144460","post","type-post","status-publish","format-standard","has-post-thumbnail","category-sport","tag-alex-matthias-tamm","tag-ee","tag-eesti","tag-eesti-keel","tag-estonia","tag-estonian","tag-livingston","tag-ljubljana-olimpija","tag-olimpija","tag-sport","tag-sports"],"share_on_mastodon":{"url":"https:\/\/pubeurope.com\/@ee\/116335553002974102","error":""},"_links":{"self":[{"href":"https:\/\/www.europesays.com\/ee\/wp-json\/wp\/v2\/posts\/144460","targetHints":{"allow":["GET"]}}],"collection":[{"href":"https:\/\/www.europesays.com\/ee\/wp-json\/wp\/v2\/posts"}],"about":[{"href":"https:\/\/www.europesays.com\/ee\/wp-json\/wp\/v2\/types\/post"}],"author":[{"embeddable":true,"href":"https:\/\/www.europesays.com\/ee\/wp-json\/wp\/v2\/users\/2"}],"replies":[{"embeddable":true,"href":"https:\/\/www.europesays.com\/ee\/wp-json\/wp\/v2\/comments?post=144460"}],"version-history":[{"count":0,"href":"https:\/\/www.europesays.com\/ee\/wp-json\/wp\/v2\/posts\/144460\/revisions"}],"wp:featuredmedia":[{"embeddable":true,"href":"https:\/\/www.europesays.com\/ee\/wp-json\/wp\/v2\/media\/144461"}],"wp:attachment":[{"href":"https:\/\/www.europesays.com\/ee\/wp-json\/wp\/v2\/media?parent=144460"}],"wp:term":[{"taxonomy":"category","embeddable":true,"href":"https:\/\/www.europesays.com\/ee\/wp-json\/wp\/v2\/categories?post=144460"},{"taxonomy":"post_tag","embeddable":true,"href":"https:\/\/www.europesays.com\/ee\/wp-json\/wp\/v2\/tags?post=144460"}],"curies":[{"name":"wp","href":"https:\/\/api.w.org\/{rel}","templated":true}]}}