{"id":14447,"date":"2025-10-08T09:58:07","date_gmt":"2025-10-08T09:58:07","guid":{"rendered":"https:\/\/www.europesays.com\/ee\/14447\/"},"modified":"2025-10-08T09:58:07","modified_gmt":"2025-10-08T09:58:07","slug":"motogp-maailmameister-peab-kaks-jargmist-voidusoitu-vahele-jatma-motosport","status":"publish","type":"post","link":"https:\/\/www.europesays.com\/ee\/14447\/","title":{"rendered":"MotoGP maailmameister peab kaks j\u00e4rgmist v\u00f5idus\u00f5itu vahele j\u00e4tma | Motosport"},"content":{"rendered":"<p>Mootorrataste ringrajas\u00f5idu sarja MotoGP t\u00e4navune maailmameister Marc Marquez (Ducati) j\u00e4\u00e4b \u00f5lavigastuse t\u00f5ttu eemale v\u00e4hemalt kahest j\u00e4rgmisest etapist, mis toimuvad Austraalias ja Malaisias.<\/p>\n<p>\u00c4sja oma seitsmenda maailmameistritiitli kindlustanud hispaanlane elas eelmisel n\u00e4dalal Indoneesias \u00fcle hirmu\u00e4ratava kukkumise. Marquezele s\u00f5itis p\u00f5his\u00f5idu avaringil suurel kiirusel otsa itaallane Marco Bezzecchi (Aprilia) ja m\u00f5lemad kukkusid.<\/p>\n<p>Maailmameister lendas pea ees kruusale ning p\u00e4rast kukkumist n\u00e4is tundvat end selgelt ebamugavalt ja oli paar minutit raja \u00e4\u00e4res k\u00fc\u00fcrus, enne kui \u00f5lga kinni hoides minema lonkis.<\/p>\n<p>Indoneesias n\u00e4htu meenutas paljudele 2020. aasta Hispaania MM-etappi, kus Marquez murdis samas k\u00e4es luu ja j\u00e4i seej\u00e4rel mitmeks kuuks v\u00f5istluskarussellilt k\u00f5rvale. Ducati teatel vigastas ta seekord rangluud ja seda \u00fcmbritsevaid sidemeid, kuid seost varasemate traumadega ei leitud.<\/p>\n<p>&#8220;R\u00f6ntgenuuringud kinnitasid, et varasem vigastus ei ole seotud praegusega ning luu ei ole paigast nihkunud,&#8221; seisis tiimi avalduses.<\/p>\n<p>Marquez avaldas lootust, et saab sel hooajal v\u00f5istlustulle naasta, kuid lisas, et ei hakka taastumisega kiirustama. &#8220;Minu eesm\u00e4rk on naasta enne hooaja l\u00f5ppu, kuid ainult juhul, kui arstid selle heaks kiidavad. Nii minu isiklikud kui ka v\u00f5istkonna eesm\u00e4rgid on t\u00e4navuseks hooajaks saavutatud, seega praegu on t\u00e4htsaim korralikult paraneda ja tulla tagasi t\u00e4iesti tervena.&#8221;<\/p>\n<p>Hooaja l\u00f5puni j\u00e4\u00e4b veel neli etappi. P\u00e4rast Austraalia ja Malaisia j\u00f5uproove s\u00f5idetakse Portugalis ja Hispaanias.<\/p>\n","protected":false},"excerpt":{"rendered":"Mootorrataste ringrajas\u00f5idu sarja MotoGP t\u00e4navune maailmameister Marc Marquez (Ducati) j\u00e4\u00e4b \u00f5lavigastuse t\u00f5ttu eemale v\u00e4hemalt kahest j\u00e4rgmisest etapist, mis&hellip;\n","protected":false},"author":2,"featured_media":14448,"comment_status":"","ping_status":"","sticky":false,"template":"","format":"standard","meta":{"footnotes":"","_share_on_mastodon":"0"},"categories":[18],"tags":[37,33,35,34,36,5248,4880,159,158],"class_list":["post-14447","post","type-post","status-publish","format-standard","has-post-thumbnail","category-sport","tag-ee","tag-eesti","tag-eesti-keel","tag-estonia","tag-estonian","tag-marc-marquez","tag-motogp","tag-sport","tag-sports"],"share_on_mastodon":{"url":"","error":""},"_links":{"self":[{"href":"https:\/\/www.europesays.com\/ee\/wp-json\/wp\/v2\/posts\/14447","targetHints":{"allow":["GET"]}}],"collection":[{"href":"https:\/\/www.europesays.com\/ee\/wp-json\/wp\/v2\/posts"}],"about":[{"href":"https:\/\/www.europesays.com\/ee\/wp-json\/wp\/v2\/types\/post"}],"author":[{"embeddable":true,"href":"https:\/\/www.europesays.com\/ee\/wp-json\/wp\/v2\/users\/2"}],"replies":[{"embeddable":true,"href":"https:\/\/www.europesays.com\/ee\/wp-json\/wp\/v2\/comments?post=14447"}],"version-history":[{"count":0,"href":"https:\/\/www.europesays.com\/ee\/wp-json\/wp\/v2\/posts\/14447\/revisions"}],"wp:featuredmedia":[{"embeddable":true,"href":"https:\/\/www.europesays.com\/ee\/wp-json\/wp\/v2\/media\/14448"}],"wp:attachment":[{"href":"https:\/\/www.europesays.com\/ee\/wp-json\/wp\/v2\/media?parent=14447"}],"wp:term":[{"taxonomy":"category","embeddable":true,"href":"https:\/\/www.europesays.com\/ee\/wp-json\/wp\/v2\/categories?post=14447"},{"taxonomy":"post_tag","embeddable":true,"href":"https:\/\/www.europesays.com\/ee\/wp-json\/wp\/v2\/tags?post=14447"}],"curies":[{"name":"wp","href":"https:\/\/api.w.org\/{rel}","templated":true}]}}