{"id":144816,"date":"2026-04-03T06:43:08","date_gmt":"2026-04-03T06:43:08","guid":{"rendered":"https:\/\/www.europesays.com\/ee\/144816\/"},"modified":"2026-04-03T06:43:08","modified_gmt":"2026-04-03T06:43:08","slug":"kuhu-kaob-eestlase-raha-baltikumi-suurim-palk-ei-taga-naabritest-paremat-elu","status":"publish","type":"post","link":"https:\/\/www.europesays.com\/ee\/144816\/","title":{"rendered":"Kuhu kaob eestlase raha? Baltikumi suurim palk ei taga naabritest paremat elu"},"content":{"rendered":"<p>\u00c4rileht viib koost\u00f6\u00f6s L\u00e4ti ja Leedu Delfiga ellu \u00fchist projekti, mille eesm\u00e4rk on v\u00f5rrelda Balti riikide elukallidust ning tuua esile igap\u00e4evaste kululiikide erinevused. Eelmises loos uurisime toidukaupade hinnav\u00f5rdlust, mis t\u00f5i v\u00e4lja \u00fcllatavaid hinnavahesid. Sarja j\u00e4tkuna v\u00f5tame n\u00fc\u00fcd vaatluse alla sissetulekud ja p\u00fcsikulud, et m\u00f5ista, milline on kolme riigi elanike reaalne ostuj\u00f5ud ja miks <a rel=\"noopener nofollow\" target=\"_blank\" href=\"https:\/\/www.delfi.ee\/teema\/31122441\/eesti\" tag-id=\"31122441\">Eesti<\/a> palgaeelis alati rahakotis ei kajastu. <\/p>\n<p>Paberil rikkaim, igap\u00e4evaelus kalleim<\/p>\n<p>Oled juba tellija?Logi sisse<\/p>\n<p><a href=\"https:\/\/arileht.delfi.ee\/a\/120565314\/kuhu-kaob-eestlase-raha-baltikumi-suurim-palk-ei-taga-naabritest-paremat-elu\/kommentaarid\" class=\"article-body-bottom__comment article-body-bottom__comment--write button button--primary button--size-auto\" rel=\"nofollow noopener\" target=\"_blank\"> Kommenteeri <\/a><a href=\"https:\/\/arileht.delfi.ee\/a\/120565314\/kuhu-kaob-eestlase-raha-baltikumi-suurim-palk-ei-taga-naabritest-paremat-elu\/kommentaarid\" class=\"article-body-bottom__comment article-body-bottom__comment--read button button--size-auto\" rel=\"nofollow noopener\" target=\"_blank\"> Loe kommentaare (28)<\/a><\/p>\n","protected":false},"excerpt":{"rendered":"\u00c4rileht viib koost\u00f6\u00f6s L\u00e4ti ja Leedu Delfiga ellu \u00fchist projekti, mille eesm\u00e4rk on v\u00f5rrelda Balti riikide elukallidust ning&hellip;\n","protected":false},"author":2,"featured_media":77350,"comment_status":"","ping_status":"","sticky":false,"template":"","format":"standard","meta":{"footnotes":"","_share_on_mastodon":"0"},"categories":[12],"tags":[4351,26,27,37,33,35,34,36,112,31,32,21,28,29,114,115,25182,19,26553,2415,1323,777,25,23,24,1195,22,20,30],"class_list":["post-144816","post","type-post","status-publish","format-standard","has-post-thumbnail","category-eesti","tag-ametiuhing","tag-breaking-news","tag-breakingnews","tag-ee","tag-eesti","tag-eesti-keel","tag-estonia","tag-estonian","tag-euroopa","tag-featured-news","tag-featurednews","tag-headlines","tag-latest-news","tag-latestnews","tag-lati","tag-leedu","tag-miinimumpalk","tag-news","tag-orsolya-soosaar","tag-palgatous","tag-palk","tag-pension","tag-populaarseimad-lood","tag-top-stories","tag-topstories","tag-tulumaksuvaba-miinimum","tag-uldised-uudised","tag-uudised","tag-viimased-uudised"],"share_on_mastodon":{"url":"","error":""},"_links":{"self":[{"href":"https:\/\/www.europesays.com\/ee\/wp-json\/wp\/v2\/posts\/144816","targetHints":{"allow":["GET"]}}],"collection":[{"href":"https:\/\/www.europesays.com\/ee\/wp-json\/wp\/v2\/posts"}],"about":[{"href":"https:\/\/www.europesays.com\/ee\/wp-json\/wp\/v2\/types\/post"}],"author":[{"embeddable":true,"href":"https:\/\/www.europesays.com\/ee\/wp-json\/wp\/v2\/users\/2"}],"replies":[{"embeddable":true,"href":"https:\/\/www.europesays.com\/ee\/wp-json\/wp\/v2\/comments?post=144816"}],"version-history":[{"count":0,"href":"https:\/\/www.europesays.com\/ee\/wp-json\/wp\/v2\/posts\/144816\/revisions"}],"wp:featuredmedia":[{"embeddable":true,"href":"https:\/\/www.europesays.com\/ee\/wp-json\/wp\/v2\/media\/77350"}],"wp:attachment":[{"href":"https:\/\/www.europesays.com\/ee\/wp-json\/wp\/v2\/media?parent=144816"}],"wp:term":[{"taxonomy":"category","embeddable":true,"href":"https:\/\/www.europesays.com\/ee\/wp-json\/wp\/v2\/categories?post=144816"},{"taxonomy":"post_tag","embeddable":true,"href":"https:\/\/www.europesays.com\/ee\/wp-json\/wp\/v2\/tags?post=144816"}],"curies":[{"name":"wp","href":"https:\/\/api.w.org\/{rel}","templated":true}]}}