{"id":144901,"date":"2026-04-03T08:53:09","date_gmt":"2026-04-03T08:53:09","guid":{"rendered":"https:\/\/www.europesays.com\/ee\/144901\/"},"modified":"2026-04-03T08:53:09","modified_gmt":"2026-04-03T08:53:09","slug":"slava-ukraini-esitas-hagid-omastatud-raha-ja-moraalse-kahju-eest-eesti","status":"publish","type":"post","link":"https:\/\/www.europesays.com\/ee\/144901\/","title":{"rendered":"Slava Ukraini esitas hagid omastatud raha ja moraalse kahju eest | Eesti"},"content":{"rendered":"<p>MT\u00dc Slava Ukraini esitas Ukraina kohtule hagi, et korvata organisatsiooni kunagise tegevjuhi Johanna-Maria Lehtme ja selle Ukraina koost\u00f6\u00f6partnerite tekitatud varaline kahju ning eraldi hagi mainekahju eest kokku umbes 750 000 euro ulatuses.<\/p>\n<p>&#8220;MT\u00dc Slava Ukraini esitas 30. m\u00e4rtsil 2026 tsiviilhagi, n\u00f5udes varalise kahju h\u00fcvitamist summas 18 007 500 Ukraina grivnat (mis t\u00e4hendab t\u00e4nase kursi j\u00e4rgi 356 548 eurot) nagu on tuvastanud Ukraina Riiklik Juurdlusb\u00fcroo. Mittevaralise kahju h\u00fcvitamist mainekahju eest n\u00f5uab MT\u00dc summas 20 000 000 Ukraina grivnat (umbes 400\u00a0000 eurot &#8211; toim.),&#8221; teatas MT\u00dc Slava Ukraini likvideerija Ilmar Raag reedel sotsiaalmeedias.<\/p>\n<p>Raag meenutas, et Eesti ja Ukraina \u00f5iguskaitse organid viisid aastatel 2023-2025 \u00fchiselt l\u00e4bi kriminaaluurimise MT\u00dc Slava Ukraini annetuste v\u00e4\u00e4rkasutuse asjus. Uurimise tulemusena on Eestis s\u00fc\u00fcdistus esitatud Johanna-Maria Lehtmele ja Ukrainas Hennadi Vaskivile ja ettev\u00f5tte IC Construction vastu.<\/p>\n<p>Ukrainas arutab kriminaalasja esimese astme kohtuna Lvivis asuv Frankivski rajoonikohus.<\/p>\n<p>&#8220;Me t\u00e4name Ukraina prokuratuuri, kus suhtuti v\u00e4ga soosivalt meie tsiviilhagisse. S\u00fc\u00fcdistuses on mitmeid eri episoode, kuid peamiselt kordub skeem, kus Eesti annetajatelt saadud raha eest tehti Ukrainas mitmeid projekte, mille k\u00e4igus ei kasutatud kogu raha projektide teostamiseks, vaid oluline osa vormistati \u00e4ri\u00fchingu IC Construction kasumiks. Tehniliselt tekkis kasum sellest, et Ukraina allhankijatelt ostetud kaup v\u00f5i teenused olid oluliselt odavamad, kui eestlastelt k\u00fcsitud raha. Samas ei olnud mingeid kokkuleppeid, et \u00e4ri\u00fchingu kasumit oleks plaanitud kulutada vastavalt annetuste esialgsele eesm\u00e4rgile. Pahatahtlikkus ilmneb eelk\u00f5ige selles, et Johanna-Maria Lehtme ja Hennadi Vaskiv, kes oleksid Eesti ja Ukraina MT\u00dc-des pidanud vastutama raha eesm\u00e4rgip\u00e4rase kasutamise eest, olid ise teadlikud v\u00f5i osalesid raha &#8220;k\u00f5rvale suunamises&#8221;,&#8221; selgitas Raag oma postituses.<\/p>\n<p>MT\u00dc Slava Ukrainit esindab Ukraina kohtumenetluses tasuta advokaadib\u00fcroo Glimstedt Estonia ning selle Ukraina partner Ilyashev &amp; Partners.<\/p>\n<p>Juhul kui kohus otsustab rahuldada hageja taotluse, kantakse h\u00fcvitatud raha Ukraina relvaj\u00f5udude ametlikule annetuskontole Ukrainas. Selline tegevus vastab MT\u00dc Slava Ukraini p\u00f5hikirjas ette n\u00e4htud eesm\u00e4rkide t\u00e4itmisele, teatas Raag.<\/p>\n<p>Ta t\u00e4psustas ka, et Slava Ukraini andmetel ei viibi Vaskiv Ukrainas ning ta on rahvusvaheliselt tagaotsitav. MT\u00dc-l puudub teave ka Lehtme asukoha kohta. T\u00e4iendavad \u00fcksikasjad tema vastu Eestis esitatava tsiviilhagi kohta peaksid selguma l\u00e4hikuudel enne j\u00e4rgmist kohtuistungit Eestis.<\/p>\n<p>Suuresti vahetunud juhtkonnaga <a href=\"https:\/\/www.err.ee\/1609897738\/mtu-slava-ukraini-esitab-siiski-lehtme-vastu-tsiviilhagi\" target=\"_blank\" rel=\"noopener nofollow\">Slava Ukraini teatas juba detsembris,<\/a> et kavatseb Lehtme vastu tsiviilhagi esitadaja n\u00f5uda tekitatud kahjude h\u00fcvitamist.<\/p>\n","protected":false},"excerpt":{"rendered":"MT\u00dc Slava Ukraini esitas Ukraina kohtule hagi, et korvata organisatsiooni kunagise tegevjuhi Johanna-Maria Lehtme ja selle Ukraina koost\u00f6\u00f6partnerite&hellip;\n","protected":false},"author":2,"featured_media":144902,"comment_status":"","ping_status":"","sticky":false,"template":"","format":"standard","meta":{"footnotes":"","_share_on_mastodon":"0"},"categories":[14],"tags":[131,130,37,33,35,34,36,35125,23495,623,1751,67510,8464,23496,28123],"class_list":["post-144901","post","type-post","status-publish","format-standard","has-post-thumbnail","category-ari","tag-ari","tag-business","tag-ee","tag-eesti","tag-eesti-keel","tag-estonia","tag-estonian","tag-hagi","tag-hennadi-vaskiv","tag-ilmar-raag","tag-johanna-maria-lehtme","tag-moraalne-kahju","tag-slava-ukraini","tag-ukraina-kohus","tag-varaline-kahju"],"share_on_mastodon":{"url":"https:\/\/pubeurope.com\/@ee\/116339933408675153","error":""},"_links":{"self":[{"href":"https:\/\/www.europesays.com\/ee\/wp-json\/wp\/v2\/posts\/144901","targetHints":{"allow":["GET"]}}],"collection":[{"href":"https:\/\/www.europesays.com\/ee\/wp-json\/wp\/v2\/posts"}],"about":[{"href":"https:\/\/www.europesays.com\/ee\/wp-json\/wp\/v2\/types\/post"}],"author":[{"embeddable":true,"href":"https:\/\/www.europesays.com\/ee\/wp-json\/wp\/v2\/users\/2"}],"replies":[{"embeddable":true,"href":"https:\/\/www.europesays.com\/ee\/wp-json\/wp\/v2\/comments?post=144901"}],"version-history":[{"count":0,"href":"https:\/\/www.europesays.com\/ee\/wp-json\/wp\/v2\/posts\/144901\/revisions"}],"wp:featuredmedia":[{"embeddable":true,"href":"https:\/\/www.europesays.com\/ee\/wp-json\/wp\/v2\/media\/144902"}],"wp:attachment":[{"href":"https:\/\/www.europesays.com\/ee\/wp-json\/wp\/v2\/media?parent=144901"}],"wp:term":[{"taxonomy":"category","embeddable":true,"href":"https:\/\/www.europesays.com\/ee\/wp-json\/wp\/v2\/categories?post=144901"},{"taxonomy":"post_tag","embeddable":true,"href":"https:\/\/www.europesays.com\/ee\/wp-json\/wp\/v2\/tags?post=144901"}],"curies":[{"name":"wp","href":"https:\/\/api.w.org\/{rel}","templated":true}]}}