{"id":144930,"date":"2026-04-03T09:29:14","date_gmt":"2026-04-03T09:29:14","guid":{"rendered":"https:\/\/www.europesays.com\/ee\/144930\/"},"modified":"2026-04-03T09:29:14","modified_gmt":"2026-04-03T09:29:14","slug":"maaravaks-saab-hind-odav-importmuna-vahendab-puhade-eel-noudlust-eesti-toodangu-jarele","status":"publish","type":"post","link":"https:\/\/www.europesays.com\/ee\/144930\/","title":{"rendered":"M\u00e4\u00e4ravaks saab hind: odav importmuna v\u00e4hendab p\u00fchade eel n\u00f5udlust Eesti toodangu j\u00e4rele"},"content":{"rendered":"<p>Kuigi toit on \u00fcldiselt kallinenud, ostetakse mune p\u00fchade ajal ikkagi v\u00e4ga palju. Prisma piimatoodete ja munade kategooriajuht Malle Luhter nendib, et 2025. aastal kasvas munade m\u00fc\u00fcgimaht v\u00f5rreldes eelneva aastaga 10%. Ta s\u00f5nab, et kuigi inimesed peavad ostuotsuse tegemisel \u00fcha enam oluliseks kanade pidamisviise, on v\u00e4ga oluline on endiselt ka hind.<\/p>\n<p>Luhter toob v\u00e4lja, et s\u00f5ltuvalt pidamisviisist on hinnavahed suured ning keskmiselt v\u00f5ivad importmunad olla kuni 20\u201325% soodsamad sarnastest kodumaistest toodetest. Sellegipoolest on kodumaiste munade osakaal Prisma m\u00fc\u00fcgist ca 60%.<\/p>\n<p>Oled juba tellija?Logi sisse<\/p>\n<p><a href=\"https:\/\/arileht.delfi.ee\/a\/120565328\/maaravaks-saab-hind-odav-importmuna-vahendab-puhade-eel-noudlust-eesti-toodangu-jarele\/kommentaarid\" class=\"article-body-bottom__comment article-body-bottom__comment--write button button--primary button--size-auto\" rel=\"nofollow noopener\" target=\"_blank\"> Kommenteeri <\/a><a href=\"https:\/\/arileht.delfi.ee\/a\/120565328\/maaravaks-saab-hind-odav-importmuna-vahendab-puhade-eel-noudlust-eesti-toodangu-jarele\/kommentaarid\" class=\"article-body-bottom__comment article-body-bottom__comment--read button button--size-auto\" rel=\"nofollow noopener\" target=\"_blank\"> Loe kommentaare (6)<\/a><\/p>\n","protected":false},"excerpt":{"rendered":"Kuigi toit on \u00fcldiselt kallinenud, ostetakse mune p\u00fchade ajal ikkagi v\u00e4ga palju. Prisma piimatoodete ja munade kategooriajuht Malle&hellip;\n","protected":false},"author":2,"featured_media":144931,"comment_status":"","ping_status":"","sticky":false,"template":"","format":"standard","meta":{"footnotes":"","_share_on_mastodon":"0"},"categories":[5],"tags":[26,27,37,33,35,34,36,31,32,21,25247,3547,28,29,11864,19,25,948,2581,6570,23,24,22,20,30],"class_list":["post-144930","post","type-post","status-publish","format-standard","has-post-thumbnail","category-uldised-uudised","tag-breaking-news","tag-breakingnews","tag-ee","tag-eesti","tag-eesti-keel","tag-estonia","tag-estonian","tag-featured-news","tag-featurednews","tag-headlines","tag-hinnavaatlus","tag-kanamuna","tag-latest-news","tag-latestnews","tag-munad","tag-news","tag-populaarseimad-lood","tag-saaremaa","tag-tanel-tang","tag-toidu-hind","tag-top-stories","tag-topstories","tag-uldised-uudised","tag-uudised","tag-viimased-uudised"],"share_on_mastodon":{"url":"https:\/\/pubeurope.com\/@ee\/116340074957217270","error":""},"_links":{"self":[{"href":"https:\/\/www.europesays.com\/ee\/wp-json\/wp\/v2\/posts\/144930","targetHints":{"allow":["GET"]}}],"collection":[{"href":"https:\/\/www.europesays.com\/ee\/wp-json\/wp\/v2\/posts"}],"about":[{"href":"https:\/\/www.europesays.com\/ee\/wp-json\/wp\/v2\/types\/post"}],"author":[{"embeddable":true,"href":"https:\/\/www.europesays.com\/ee\/wp-json\/wp\/v2\/users\/2"}],"replies":[{"embeddable":true,"href":"https:\/\/www.europesays.com\/ee\/wp-json\/wp\/v2\/comments?post=144930"}],"version-history":[{"count":0,"href":"https:\/\/www.europesays.com\/ee\/wp-json\/wp\/v2\/posts\/144930\/revisions"}],"wp:featuredmedia":[{"embeddable":true,"href":"https:\/\/www.europesays.com\/ee\/wp-json\/wp\/v2\/media\/144931"}],"wp:attachment":[{"href":"https:\/\/www.europesays.com\/ee\/wp-json\/wp\/v2\/media?parent=144930"}],"wp:term":[{"taxonomy":"category","embeddable":true,"href":"https:\/\/www.europesays.com\/ee\/wp-json\/wp\/v2\/categories?post=144930"},{"taxonomy":"post_tag","embeddable":true,"href":"https:\/\/www.europesays.com\/ee\/wp-json\/wp\/v2\/tags?post=144930"}],"curies":[{"name":"wp","href":"https:\/\/api.w.org\/{rel}","templated":true}]}}