{"id":144936,"date":"2026-04-03T09:46:10","date_gmt":"2026-04-03T09:46:10","guid":{"rendered":"https:\/\/www.europesays.com\/ee\/144936\/"},"modified":"2026-04-03T09:46:10","modified_gmt":"2026-04-03T09:46:10","slug":"fotod-uuratu-rahvahulk-arg-part-andis-kultuurikatlas-taismajale-oma-seni-suurima-kontserdi","status":"publish","type":"post","link":"https:\/\/www.europesays.com\/ee\/144936\/","title":{"rendered":"FOTOD | \u00dc\u00fcratu rahvahulk! Arg Part andis Kultuurikatlas t\u00e4ismajale oma seni suurima kontserdi"},"content":{"rendered":"<p>Hittidega \u201eReaalne\u201c ja \u201eNagu filmis\u201c f\u00e4nnide s\u00fcdamed v\u00f5itnud Arg Part on p\u00e4rast 2022. aasta deb\u00fc\u00fctalbumit olnud m\u00f5neaastasel loomingulisel pausil, ilmutades end f\u00e4nnidele vaid kord aastas, kuid alati t\u00e4ismajale. Viimati tehti seda detsembris tartlastele, l\u00f5petades poolteist aastat kestnud lavapaastu.<\/p>\n<p>\u201eAastaid kestnud vaikusperioodil oleme paradoksaalselt tunnistanud meie kuulajaskonna kasvu. Tekkis arusaam, et on aeg laiemalt oma kuulajaskonnaga tutvuda. Senistel harvadel live-s\u00f5udel on paljud neist aga pidanud ukse taha j\u00e4\u00e4ma, seega otsustasime seekord asja suurelt teha,\u201c sedastas Pardi solist <a rel=\"noopener nofollow\" target=\"_blank\" href=\"https:\/\/www.delfi.ee\/teema\/78688692\/karl-vilhelm-valter\" tag-id=\"78688692\">Karl Vilhelm Valter<\/a>.<\/p>\n<p>Nii tegigi b\u00e4nd k\u00f5vasti proovi, et 2. aprillil suurelt tagasi tulla v\u00e4lja m\u00fc\u00fcdud Kultuurikatlas. \u201eT\u00e4name pardipere selle absoluutselt liigutava kaasaelamise eest,\u201c p\u00f6\u00f6rdus muusikaline grupeering p\u00e4rast kontserti oma f\u00e4nnide poole. Liigselt kurvastada ei tasu ka neil, kes kiirelt v\u00e4ljam\u00fc\u00fcdud kontserdile seekord piletit ei saanud, sest suurejoonelisest s\u00f5ust tehti ka salvestus, mis millalgi l\u00e4hitulevikus ka avaldatakse. <\/p>\n<p>Arg Part, t\u00e4navanimega Part, on roki ja funk\u2019i sugemetega eestikeelset loomingut viljelev seitsmeliikmeline muusikaline grupeering, mis on peamiselt tuntud ja armastatud oma erakordselt energiliste ja vaatem\u00e4nguliste live-s\u00f5ude poolest.<\/p>\n<p>Pardiga oli laval kaasas lips-rokk-ansambel Meelik, mis p\u00e4rast 18 tegutsemisaastat avaldas menuka deb\u00fc\u00fctalbumi \u201e[T\u00f6\u00f6pealkiri]\u201c. Meelik kogus laiemalt tuntust 2023. aasta Eesti Laulu konkursil looga \u201eTuju\u201c.<\/p>\n<p>Kuidas see lugu Sind end tundma pani? Saada <a href=\"https:\/\/kroonika.delfi.ee\/artikkel\/120565359\/fotod-uuratu-rahvahulk-arg-part-andis-kultuurikatlas-taismajale-oma-seni-suurima-kontserdi\/kommentaarid\" class=\"article-body-bottom__comment article-body-bottom__comment--write button button--primary button--size-auto\" rel=\"nofollow noopener\" target=\"_blank\"> Kommenteeri <\/a><a href=\"https:\/\/kroonika.delfi.ee\/artikkel\/120565359\/fotod-uuratu-rahvahulk-arg-part-andis-kultuurikatlas-taismajale-oma-seni-suurima-kontserdi\/kommentaarid\" class=\"article-body-bottom__comment article-body-bottom__comment--read button button--size-auto\" rel=\"nofollow noopener\" target=\"_blank\"> Loe kommentaare <\/a><\/p>\n","protected":false},"excerpt":{"rendered":"Hittidega \u201eReaalne\u201c ja \u201eNagu filmis\u201c f\u00e4nnide s\u00fcdamed v\u00f5itnud Arg Part on p\u00e4rast 2022. aasta deb\u00fc\u00fctalbumit olnud m\u00f5neaastasel loomingulisel&hellip;\n","protected":false},"author":2,"featured_media":144937,"comment_status":"","ping_status":"","sticky":false,"template":"","format":"standard","meta":{"footnotes":"","_share_on_mastodon":"0"},"categories":[16],"tags":[4101,37,33,35,4685,173,34,36,67522,140,16643,4850],"class_list":["post-144936","post","type-post","status-publish","format-standard","has-post-thumbnail","category-meelelahutus","tag-alika","tag-ee","tag-eesti","tag-eesti-keel","tag-eik","tag-entertainment","tag-estonia","tag-estonian","tag-karl-vilhelm-valter","tag-meelelahutus","tag-meelik","tag-sam"],"share_on_mastodon":{"url":"https:\/\/pubeurope.com\/@ee\/116340142000892959","error":""},"_links":{"self":[{"href":"https:\/\/www.europesays.com\/ee\/wp-json\/wp\/v2\/posts\/144936","targetHints":{"allow":["GET"]}}],"collection":[{"href":"https:\/\/www.europesays.com\/ee\/wp-json\/wp\/v2\/posts"}],"about":[{"href":"https:\/\/www.europesays.com\/ee\/wp-json\/wp\/v2\/types\/post"}],"author":[{"embeddable":true,"href":"https:\/\/www.europesays.com\/ee\/wp-json\/wp\/v2\/users\/2"}],"replies":[{"embeddable":true,"href":"https:\/\/www.europesays.com\/ee\/wp-json\/wp\/v2\/comments?post=144936"}],"version-history":[{"count":0,"href":"https:\/\/www.europesays.com\/ee\/wp-json\/wp\/v2\/posts\/144936\/revisions"}],"wp:featuredmedia":[{"embeddable":true,"href":"https:\/\/www.europesays.com\/ee\/wp-json\/wp\/v2\/media\/144937"}],"wp:attachment":[{"href":"https:\/\/www.europesays.com\/ee\/wp-json\/wp\/v2\/media?parent=144936"}],"wp:term":[{"taxonomy":"category","embeddable":true,"href":"https:\/\/www.europesays.com\/ee\/wp-json\/wp\/v2\/categories?post=144936"},{"taxonomy":"post_tag","embeddable":true,"href":"https:\/\/www.europesays.com\/ee\/wp-json\/wp\/v2\/tags?post=144936"}],"curies":[{"name":"wp","href":"https:\/\/api.w.org\/{rel}","templated":true}]}}