{"id":145008,"date":"2026-04-03T11:29:07","date_gmt":"2026-04-03T11:29:07","guid":{"rendered":"https:\/\/www.europesays.com\/ee\/145008\/"},"modified":"2026-04-03T11:29:07","modified_gmt":"2026-04-03T11:29:07","slug":"skeemitamise-kahtlus-viis-e-poe-sulgemiseni","status":"publish","type":"post","link":"https:\/\/www.europesays.com\/ee\/145008\/","title":{"rendered":"Skeemitamise kahtlus viis e-poe sulgemiseni"},"content":{"rendered":"<p>Frog, mis tegutses \u00e4ri\u00fchingu Frogest O\u00dc kaudu, selgitas oma kodulehel, et viimastel aastatel arenes \u00e4ri v\u00e4ga kiiresti ning \u00fchel hetkel ei suudetud enam juhtimist hallata.<\/p>\n<p>\u00abSamal ajal m\u00f5jutasid olukorda v\u00e4lised tegurid \u2012 muutused majanduses, \u00fcldine ebastabiilsus ja \u00e4ritingimuste karmistumine.\u00bb<\/p>\n<p><a target=\"_blank\" rel=\"noopener noreferrer nofollow\" href=\"https:\/\/www.aripaev.ee\/uudised\/2026\/04\/03\/skeemitamise-kahtlusega-e-pood-sulges-uksed\">Loe pikemalt \u00c4rip\u00e4evast.<\/a><\/p>\n<p>E-\u00e4riregistri andmetel on n\u00e4ha, et ettev\u00f5ttel on ka maksuv\u00f5lg, mille alguskuup\u00e4evaks on 20. veebruar 2025. Maksuv\u00f5la suuruseks on 453 779,96 eurot, millest 445 151,40 eurot on k\u00e4ibemaks.<\/p>\n<p>Frogest O\u00dc on 2014. aastal asutatud Eesti ettev\u00f5te, mis on spetsialiseerunud jaem\u00fc\u00fcgile l\u00e4bi veebipoodide. Ettev\u00f5tte peamine tegevusvaldkond on kaupade m\u00fc\u00fck oma veebisaidi frog.ee kaudu, mis pakub laia valikut tooteid, sealhulgas elektroonikat, kodutarbeid, sporditarbeid ja lastekaubad.<\/p>\n<p>Frogest O\u00dc teenindab kliente \u00fcle kogu Eesti ja Baltikumi. Ettev\u00f5tte p\u00f5hiprotsessideks on veebim\u00fc\u00fck, tootevaliku haldamine, logistika, turundus ja klienditugi.<\/p>\n<p>2024. aastal teenis ettev\u00f5te \u00fcle 11 miljoni euro m\u00fc\u00fcgitulu ning aasta l\u00f5petati 77 556-eurose kasumiga. Aasta varem ulatus m\u00fc\u00fcgitulu ca kaheksa miljoni euroni, ent kasum oli veidi suurem ehk 130 561 eurot.<\/p>\n","protected":false},"excerpt":{"rendered":"Frog, mis tegutses \u00e4ri\u00fchingu Frogest O\u00dc kaudu, selgitas oma kodulehel, et viimastel aastatel arenes \u00e4ri v\u00e4ga kiiresti ning&hellip;\n","protected":false},"author":2,"featured_media":145009,"comment_status":"","ping_status":"","sticky":false,"template":"","format":"standard","meta":{"footnotes":"","_share_on_mastodon":"0"},"categories":[12],"tags":[26,27,10831,37,33,35,34,36,31,32,67567,67569,67568,21,28,29,19,25,23,24,22,20,30],"class_list":["post-145008","post","type-post","status-publish","format-standard","has-post-thumbnail","category-eesti","tag-breaking-news","tag-breakingnews","tag-e-pood","tag-ee","tag-eesti","tag-eesti-keel","tag-estonia","tag-estonian","tag-featured-news","tag-featurednews","tag-frog","tag-frog-ee","tag-frogest-ou","tag-headlines","tag-latest-news","tag-latestnews","tag-news","tag-populaarseimad-lood","tag-top-stories","tag-topstories","tag-uldised-uudised","tag-uudised","tag-viimased-uudised"],"share_on_mastodon":{"url":"https:\/\/pubeurope.com\/@ee\/116340546814142637","error":""},"_links":{"self":[{"href":"https:\/\/www.europesays.com\/ee\/wp-json\/wp\/v2\/posts\/145008","targetHints":{"allow":["GET"]}}],"collection":[{"href":"https:\/\/www.europesays.com\/ee\/wp-json\/wp\/v2\/posts"}],"about":[{"href":"https:\/\/www.europesays.com\/ee\/wp-json\/wp\/v2\/types\/post"}],"author":[{"embeddable":true,"href":"https:\/\/www.europesays.com\/ee\/wp-json\/wp\/v2\/users\/2"}],"replies":[{"embeddable":true,"href":"https:\/\/www.europesays.com\/ee\/wp-json\/wp\/v2\/comments?post=145008"}],"version-history":[{"count":0,"href":"https:\/\/www.europesays.com\/ee\/wp-json\/wp\/v2\/posts\/145008\/revisions"}],"wp:featuredmedia":[{"embeddable":true,"href":"https:\/\/www.europesays.com\/ee\/wp-json\/wp\/v2\/media\/145009"}],"wp:attachment":[{"href":"https:\/\/www.europesays.com\/ee\/wp-json\/wp\/v2\/media?parent=145008"}],"wp:term":[{"taxonomy":"category","embeddable":true,"href":"https:\/\/www.europesays.com\/ee\/wp-json\/wp\/v2\/categories?post=145008"},{"taxonomy":"post_tag","embeddable":true,"href":"https:\/\/www.europesays.com\/ee\/wp-json\/wp\/v2\/tags?post=145008"}],"curies":[{"name":"wp","href":"https:\/\/api.w.org\/{rel}","templated":true}]}}