{"id":145032,"date":"2026-04-03T11:59:08","date_gmt":"2026-04-03T11:59:08","guid":{"rendered":"https:\/\/www.europesays.com\/ee\/145032\/"},"modified":"2026-04-03T11:59:08","modified_gmt":"2026-04-03T11:59:08","slug":"saadi-teada-kuidas-mangiti-salaparast-rooma-lauamangu","status":"publish","type":"post","link":"https:\/\/www.europesays.com\/ee\/145032\/","title":{"rendered":"saadi teada, kuidas m\u00e4ngiti salap\u00e4rast Rooma lauam\u00e4ngu"},"content":{"rendered":"<p class=\"MsoNormal\">1984. aastal Hollandist iidsest Coriovallumi asulakohast v\u00e4lja kaevatud lubjakiviplaat on Rooma ajaloo uurijatele juba aastak\u00fcmneid nuputamist pakkunud. Iseloomulike vagude ja m\u00e4rgistuste t\u00f5ttu usuti, et tegemist on mingisuguse lauam\u00e4nguga, kuid selle reegleid ei leitud kunagi. N\u00fc\u00fcd, ligi 40 aastat hiljem, on uus tehnoloogia selle saladuse lahendanud.<\/p>\n","protected":false},"excerpt":{"rendered":"1984. aastal Hollandist iidsest Coriovallumi asulakohast v\u00e4lja kaevatud lubjakiviplaat on Rooma ajaloo uurijatele juba aastak\u00fcmneid nuputamist pakkunud. Iseloomulike&hellip;\n","protected":false},"author":2,"featured_media":145033,"comment_status":"","ping_status":"","sticky":false,"template":"","format":"standard","meta":{"footnotes":"","_share_on_mastodon":"0"},"categories":[18],"tags":[67581,67583,37,33,35,34,36,52194,67584,67582,159,158,67585],"class_list":["post-145032","post","type-post","status-publish","format-standard","has-post-thumbnail","category-sport","tag-3d-skaneeringud","tag-arheoloogia-ja-ai","tag-ee","tag-eesti","tag-eesti-keel","tag-estonia","tag-estonian","tag-flindersi-ulikool","tag-iidne-lauamang","tag-ludii-susteem","tag-sport","tag-sports","tag-walter-crist"],"share_on_mastodon":{"url":"https:\/\/pubeurope.com\/@ee\/116340664756588282","error":""},"_links":{"self":[{"href":"https:\/\/www.europesays.com\/ee\/wp-json\/wp\/v2\/posts\/145032","targetHints":{"allow":["GET"]}}],"collection":[{"href":"https:\/\/www.europesays.com\/ee\/wp-json\/wp\/v2\/posts"}],"about":[{"href":"https:\/\/www.europesays.com\/ee\/wp-json\/wp\/v2\/types\/post"}],"author":[{"embeddable":true,"href":"https:\/\/www.europesays.com\/ee\/wp-json\/wp\/v2\/users\/2"}],"replies":[{"embeddable":true,"href":"https:\/\/www.europesays.com\/ee\/wp-json\/wp\/v2\/comments?post=145032"}],"version-history":[{"count":0,"href":"https:\/\/www.europesays.com\/ee\/wp-json\/wp\/v2\/posts\/145032\/revisions"}],"wp:featuredmedia":[{"embeddable":true,"href":"https:\/\/www.europesays.com\/ee\/wp-json\/wp\/v2\/media\/145033"}],"wp:attachment":[{"href":"https:\/\/www.europesays.com\/ee\/wp-json\/wp\/v2\/media?parent=145032"}],"wp:term":[{"taxonomy":"category","embeddable":true,"href":"https:\/\/www.europesays.com\/ee\/wp-json\/wp\/v2\/categories?post=145032"},{"taxonomy":"post_tag","embeddable":true,"href":"https:\/\/www.europesays.com\/ee\/wp-json\/wp\/v2\/tags?post=145032"}],"curies":[{"name":"wp","href":"https:\/\/api.w.org\/{rel}","templated":true}]}}