{"id":145052,"date":"2026-04-03T12:24:09","date_gmt":"2026-04-03T12:24:09","guid":{"rendered":"https:\/\/www.europesays.com\/ee\/145052\/"},"modified":"2026-04-03T12:24:09","modified_gmt":"2026-04-03T12:24:09","slug":"tooonnetusest-vaikimine-voib-kalliks-maksma-minna","status":"publish","type":"post","link":"https:\/\/www.europesays.com\/ee\/145052\/","title":{"rendered":"T\u00f6\u00f6\u00f5nnetusest vaikimine v\u00f5ib kalliks maksma minna"},"content":{"rendered":"<p>17-aastane noormees t\u00f6\u00f6tas remondi abit\u00f6\u00f6lisena ja osales kauba laadimisel. Laadimisseadme konksu haarates tundis ta aga \u00f5las \u00e4kilist naksatust. Valust hoolimata j\u00e4tkas ta t\u00f6\u00f6d ega teavitanud juhtunust t\u00f6\u00f6andjat. J\u00e4rgmisel p\u00e4eval ei saanud noormees aga enam isegi k\u00e4tt t\u00f5sta ning pidi p\u00f6\u00f6rduma arsti poole.<\/p>\n<p>T\u00f6\u00f6andja j\u00f5udis oma uurimisega veendumusele, et tegemist ei ole t\u00f6\u00f6\u00f5nnetusega ning esitas t\u00f6\u00f6inspektsioonile akti. Aktis kirjeldatud asjaolud viitasid t\u00f6\u00f6\u00f5nnetusele ja seet\u00f5ttu alustas t\u00f6\u00f6inspektsioon juhtumi uurimist. Uurimise k\u00e4igus selgus, et tervisekahjustus tekkis siiski t\u00f6\u00f6 tegemise ajal ja oli seotud t\u00f6\u00f6taja t\u00f6\u00f6\u00fclesannete t\u00e4itmisega. Seega oli tegemist t\u00f6\u00f6\u00f5nnetusega.<\/p>\n<p>Miks on oluline t\u00f6\u00f6l juhtunud \u00f5nnetusest t\u00f6\u00f6andjale teada anda?<\/p>\n<p>Kui t\u00f6\u00f6tajaga juhtub \u00f5nnetus, peab t\u00f6\u00f6andja igal juhul l\u00e4bi viima uurimise. Iga teavitatud juhtum annab t\u00f6\u00f6andjale v\u00f5imaluse olukorda anal\u00fc\u00fcsida ja m\u00f5ista, kuidas sarnaseid \u00f5nnetusi tulevikus v\u00e4ltida.<\/p>\n<p>\u201eT\u00f6\u00f6taja ei tohi t\u00f6\u00f6\u00f5nnetust t\u00f6\u00f6andja ega arsti eest varjata. Kindlasti ei tohi n\u00f5ustuda t\u00f6\u00f6andja ettepanekuga t\u00f6\u00f6\u00f5nnetust varjata. Kui t\u00f6\u00f6taja ei \u00fctle arstile, et vigastus tekkis t\u00f6\u00f6\u00fclesande t\u00e4itmisel, v\u00f5ib ta j\u00e4\u00e4da ilma \u00f5iglasest h\u00fcvitisest, mis on ette n\u00e4htud just t\u00f6\u00f6\u00f5nnetuse korral,\u201c s\u00f5nab t\u00f6\u00f6inspektsiooni juhtiv t\u00f6\u00f6inspektor-uurija Janika R\u00f5\u00f5mus.<\/p>\n<p>T\u00f6\u00f6andjat tuleks teavitada juba siis, kui midagi l\u00e4ks \u201epeaaegu halvasti\u201c. N\u00e4iteks juhul, kui redel k\u00f5igub ohtlikult, kuid kukkumist ei toimu, v\u00f5i k\u00e4iguteele on j\u00e4etud kastid, aga keegi pole veel kukkunud. Taolised t\u00e4helepanekud aitavad \u00f5nnetusi ennetada.<\/p>\n<p>T\u00f6\u00f6\u00f5nnetustest teavitamine ja nende registreerimine ei t\u00e4henda automaatselt t\u00f6\u00f6andja s\u00fc\u00fcd v\u00f5i karistust. T\u00f6\u00f6\u00f5nnetus on faktiline s\u00fcndmus, mis n\u00e4itab, et t\u00f6\u00f6 k\u00e4igus juhtus midagi, mis m\u00f5jutas t\u00f6\u00f6taja tervist. Selle registreerimine on oluline nii t\u00f6\u00f6taja kaitseks kui ka sarnaste t\u00f6\u00f6\u00f5nnetuste ennetamiseks tulevikus.<\/p>\n<p>Kuidas see lugu Sind end tundma pani? Saada <a href=\"https:\/\/arileht.delfi.ee\/a\/120564558\/tooonnetusest-vaikimine-voib-kalliks-maksma-minna\/kommentaarid\" class=\"article-body-bottom__comment article-body-bottom__comment--write button button--primary button--size-auto\" rel=\"nofollow noopener\" target=\"_blank\"> Kommenteeri <\/a><a href=\"https:\/\/arileht.delfi.ee\/a\/120564558\/tooonnetusest-vaikimine-voib-kalliks-maksma-minna\/kommentaarid\" class=\"article-body-bottom__comment article-body-bottom__comment--read button button--size-auto\" rel=\"nofollow noopener\" target=\"_blank\"> Loe kommentaare (12)<\/a><\/p>\n","protected":false},"excerpt":{"rendered":"17-aastane noormees t\u00f6\u00f6tas remondi abit\u00f6\u00f6lisena ja osales kauba laadimisel. Laadimisseadme konksu haarates tundis ta aga \u00f5las \u00e4kilist naksatust.&hellip;\n","protected":false},"author":2,"featured_media":145053,"comment_status":"","ping_status":"","sticky":false,"template":"","format":"standard","meta":{"footnotes":"","_share_on_mastodon":"0"},"categories":[12],"tags":[26,27,37,33,35,34,36,31,32,21,28,29,19,25,2655,3793,23,24,22,20,30],"class_list":["post-145052","post","type-post","status-publish","format-standard","has-post-thumbnail","category-eesti","tag-breaking-news","tag-breakingnews","tag-ee","tag-eesti","tag-eesti-keel","tag-estonia","tag-estonian","tag-featured-news","tag-featurednews","tag-headlines","tag-latest-news","tag-latestnews","tag-news","tag-populaarseimad-lood","tag-tooinspektsioon","tag-tooonnetus","tag-top-stories","tag-topstories","tag-uldised-uudised","tag-uudised","tag-viimased-uudised"],"share_on_mastodon":{"url":"https:\/\/pubeurope.com\/@ee\/116340763207708862","error":""},"_links":{"self":[{"href":"https:\/\/www.europesays.com\/ee\/wp-json\/wp\/v2\/posts\/145052","targetHints":{"allow":["GET"]}}],"collection":[{"href":"https:\/\/www.europesays.com\/ee\/wp-json\/wp\/v2\/posts"}],"about":[{"href":"https:\/\/www.europesays.com\/ee\/wp-json\/wp\/v2\/types\/post"}],"author":[{"embeddable":true,"href":"https:\/\/www.europesays.com\/ee\/wp-json\/wp\/v2\/users\/2"}],"replies":[{"embeddable":true,"href":"https:\/\/www.europesays.com\/ee\/wp-json\/wp\/v2\/comments?post=145052"}],"version-history":[{"count":0,"href":"https:\/\/www.europesays.com\/ee\/wp-json\/wp\/v2\/posts\/145052\/revisions"}],"wp:featuredmedia":[{"embeddable":true,"href":"https:\/\/www.europesays.com\/ee\/wp-json\/wp\/v2\/media\/145053"}],"wp:attachment":[{"href":"https:\/\/www.europesays.com\/ee\/wp-json\/wp\/v2\/media?parent=145052"}],"wp:term":[{"taxonomy":"category","embeddable":true,"href":"https:\/\/www.europesays.com\/ee\/wp-json\/wp\/v2\/categories?post=145052"},{"taxonomy":"post_tag","embeddable":true,"href":"https:\/\/www.europesays.com\/ee\/wp-json\/wp\/v2\/tags?post=145052"}],"curies":[{"name":"wp","href":"https:\/\/api.w.org\/{rel}","templated":true}]}}