{"id":145080,"date":"2026-04-03T13:07:18","date_gmt":"2026-04-03T13:07:18","guid":{"rendered":"https:\/\/www.europesays.com\/ee\/145080\/"},"modified":"2026-04-03T13:07:18","modified_gmt":"2026-04-03T13:07:18","slug":"baskide-uhkus-%e2%9f%a9-vaesuva-terrorismipesa-paastmiseks-laks-vaja-enamat-kui-muuseum","status":"publish","type":"post","link":"https:\/\/www.europesays.com\/ee\/145080\/","title":{"rendered":"BASKIDE UHKUS \u27e9 Vaesuva terrorismipesa p\u00e4\u00e4stmiseks l\u00e4ks vaja enamat kui muuseum"},"content":{"rendered":"<p>\u00abOotus oli 400 000 k\u00fclastajat aastas. \u00d6eldi, et selle saavutamine on v\u00f5imatu. Ja n\u00fc\u00fcd k\u00e4ib meil kolm korda nii palju inimesi,\u00bb meenutab muuseumi t\u00e4nane k\u00f5neisik. Sealjuures on tegu j\u00f5uka turistiga, kes naudib kultuuri, loodust ja tippklassi restorane. Mitte odava alko- ja p\u00e4ikesepaketi otsijatest pummeldajatega, kes r\u00fc\u00fcstavad paljusid Hispaania rannikulinnu.<\/p>\n<p>\u00abAlguses ei n\u00e4htud seda hea otsusena, aga v\u00e4ga kiiresti tuli v\u00e4lja, et see siiski oli seda. Inimestele igalt poolt maailmas avaldasid muljet nii see hoone kui ka \u00fcmbruskond, sest Baskimaad on lihtne k\u00fclastada \u2013 k\u00f5ik on v\u00e4ga l\u00e4hedal. Tund aega autos v\u00f5i rongis ja saad v\u00e4ga erinevaid elamusi: meri, m\u00e4ed, linnad,\u00bb s\u00f5nab Mart\u00ednez Goyenaga.<\/p>\n<p><img decoding=\"async\" class=\"figure__image\" onclick=\"triggerEvent('articleImageClick', { id: 17542486, focus: 'single-image', focusIndex: '17542486' })\" onkeydown=\"if (event.key === 'Enter') {&#10;        triggerEvent('articleImageClick', { id: 17542486, focus: 'single-image', focusIndex: '17542486' })&#10;        }\" role=\"button\" tabindex=\"0\" data-focus-from=\"single-image\" data-focus-index=\"17542486\" src=\"https:\/\/www.europesays.com\/ee\/wp-content\/uploads\/2026\/04\/17542486t1hbc48.jpg\"  onload=\"this.parentElement.classList.remove('figure__image-loading')\" alt=\"Richard Serra \u00abMatter of Time\u00bb (\u00abAja k\u00fcsimus\u00bb) on spetsiaalselt Bilbao Guggenheimi ja just selle ruumi jaoks valmistatud.\"\/>Richard Serra \u00abMatter of Time\u00bb (\u00abAja k\u00fcsimus\u00bb) on spetsiaalselt Bilbao Guggenheimi ja just selle ruumi jaoks valmistatud. Foto: Mihkel Maripuu<\/p>\n<p>\u00abSelle muuseumiga taastasime oma enesehinnangu. Mitte ainult majanduslikus m\u00f5ttes, vaid ka \u00fchiskondlikult oleme \u00f5itsenud. Oleme palju kosmopoliitsemad, palju avatumad, palju vilunumad suhtlemaks inimestega teistest kultuuridest. Kunst ja kultuur on palju enam p\u00f5imitud meie igap\u00e4evaeludesse,\u00bb usub turundusjuht.<\/p>\n<p>\u00abJa seda mitte ainult selle muuseumi p\u00e4rast, vaid t\u00e4nu loomemajandusele, teistele muuseumidele, institutsioonidele ja galeriidele, mis on kasvanud koos Guggenheimiga,\u00bb lisab ta. \u00abMa arvan, et see t\u00e4hendab, et kultuur v\u00f5ib olla muutuste mootor ning tuua kaasa uue elamise ja t\u00f6\u00f6tamise viisi.\u00bb<\/p>\n<p>Guggenheimi nime v\u00f5ttis muuseum alles p\u00e4rast asutaja surma<img decoding=\"async\" class=\"figure__image\" onclick=\"triggerEvent('articleImageClick', { id: 17542497, focus: 'single-image', focusIndex: '17542497' })\" onkeydown=\"if (event.key === 'Enter') {&#10;        triggerEvent('articleImageClick', { id: 17542497, focus: 'single-image', focusIndex: '17542497' })&#10;        }\" role=\"button\" tabindex=\"0\" data-focus-from=\"single-image\" data-focus-index=\"17542497\" src=\"https:\/\/www.europesays.com\/ee\/wp-content\/uploads\/2026\/04\/17542497t1hcbeb.jpg\"  onload=\"this.parentElement.classList.remove('figure__image-loading')\" alt=\"Solomon R. Guggenheim.\"\/>Solomon R. Guggenheim. Foto: Wikimedia Commons<\/p>\n<p>Solomon Robert Guggenheim (1861\u20131949l) s\u00fcndis j\u00f5ukas, Saksamaalt ja \u0160veitsist Ameerika \u00dchendriikidesse emigreerunud juutide peres ning oskas oma rikkust elu jooksul veel tublisti kasvatada.<\/p>\n<p>Peamiselt kaevandus\u00e4ris tegutsenud mees hakkas kunsti kogumise vastu huvi tundma abikaasa Irene Rothschild Guggenheimi (1868\u20131954) m\u00f5jul. Algselt vanemate perioodide klassikuid soetanud ettev\u00f5tja huvi kaasaegse kunsti vastu kasvas, kui ta 1919. aastal \u00e4rist pensionile j\u00e4i ning kunstile keskenduski.<\/p>\n<p>1926. aastal kohtus Guggenheim samuti Euroopa juurtega kunstniku ja kunstikoguja Hilla von Rebayga (1890\u20131967), kellest sai tema kunstin\u00f5unik. See viis 1937. aastal kaasaegsele kunstile p\u00fchendatud Solomon Guggenheimi fondi asutamise ja 1939. aastal Museum of Non-Objective Paintingi avamiseni New Yorgis, mille esimeseks juhiks sai Rebay.<\/p>\n<p>Paruness Rebay valik oli ka usaldada 1943. aastal tolle muuseumi t\u00e4naseks maailmakuulsa hoone projekteerimine arhitekt Frank Lloyd Wrightile (1867\u20131959). Oma t\u00e4nase \u2013 Guggenheimi \u2013 nime sai see muuseum aastal 1952, kolm aastat varem surnud Solomon R. Guggenheimi m\u00e4lestuseks.<\/p>\n","protected":false},"excerpt":{"rendered":"\u00abOotus oli 400 000 k\u00fclastajat aastas. \u00d6eldi, et selle saavutamine on v\u00f5imatu. Ja n\u00fc\u00fcd k\u00e4ib meil kolm korda&hellip;\n","protected":false},"author":2,"featured_media":145081,"comment_status":"","ping_status":"","sticky":false,"template":"","format":"standard","meta":{"footnotes":"","_share_on_mastodon":"0"},"categories":[80],"tags":[67605,14909,67599,26,27,67604,37,33,35,34,36,31,32,41542,67601,67598,21,21510,67600,28,29,95,19,67602,25,67603,23,24,22,20,30,92,93,94],"class_list":["post-145080","post","type-post","status-publish","format-standard","has-post-thumbnail","category-maailm","tag-begona-martinez-goyenaga","tag-bilbao","tag-bilbao-guggenheim","tag-breaking-news","tag-breakingnews","tag-deutsche-guggenheim-berliin","tag-ee","tag-eesti","tag-eesti-keel","tag-estonia","tag-estonian","tag-featured-news","tag-featurednews","tag-guggenheim","tag-guggenheim-foundation","tag-guggenheimi-efekt","tag-headlines","tag-kaasaegne-kunst","tag-kultuuriturism","tag-latest-news","tag-latestnews","tag-maailm","tag-news","tag-peggy-guggenheim","tag-populaarseimad-lood","tag-solomon-r-guggenheim","tag-top-stories","tag-topstories","tag-uldised-uudised","tag-uudised","tag-viimased-uudised","tag-world","tag-world-news","tag-worldnews"],"share_on_mastodon":{"url":"","error":"Validation failed: Text character limit of 500 exceeded"},"_links":{"self":[{"href":"https:\/\/www.europesays.com\/ee\/wp-json\/wp\/v2\/posts\/145080","targetHints":{"allow":["GET"]}}],"collection":[{"href":"https:\/\/www.europesays.com\/ee\/wp-json\/wp\/v2\/posts"}],"about":[{"href":"https:\/\/www.europesays.com\/ee\/wp-json\/wp\/v2\/types\/post"}],"author":[{"embeddable":true,"href":"https:\/\/www.europesays.com\/ee\/wp-json\/wp\/v2\/users\/2"}],"replies":[{"embeddable":true,"href":"https:\/\/www.europesays.com\/ee\/wp-json\/wp\/v2\/comments?post=145080"}],"version-history":[{"count":0,"href":"https:\/\/www.europesays.com\/ee\/wp-json\/wp\/v2\/posts\/145080\/revisions"}],"wp:featuredmedia":[{"embeddable":true,"href":"https:\/\/www.europesays.com\/ee\/wp-json\/wp\/v2\/media\/145081"}],"wp:attachment":[{"href":"https:\/\/www.europesays.com\/ee\/wp-json\/wp\/v2\/media?parent=145080"}],"wp:term":[{"taxonomy":"category","embeddable":true,"href":"https:\/\/www.europesays.com\/ee\/wp-json\/wp\/v2\/categories?post=145080"},{"taxonomy":"post_tag","embeddable":true,"href":"https:\/\/www.europesays.com\/ee\/wp-json\/wp\/v2\/tags?post=145080"}],"curies":[{"name":"wp","href":"https:\/\/api.w.org\/{rel}","templated":true}]}}