{"id":145128,"date":"2026-04-03T14:00:06","date_gmt":"2026-04-03T14:00:06","guid":{"rendered":"https:\/\/www.europesays.com\/ee\/145128\/"},"modified":"2026-04-03T14:00:06","modified_gmt":"2026-04-03T14:00:06","slug":"nadala-persoon-%e2%9f%a9-niina-petrokina-kusimus-oli-selles-kas-ma-jaan-ellu-voi-mitte-sport-postimees-ee","status":"publish","type":"post","link":"https:\/\/www.europesays.com\/ee\/145128\/","title":{"rendered":"N\u00c4DALA PERSOON \u27e9 Niina Petr\u00f5kina: k\u00fcsimus oli selles, kas ma j\u00e4\u00e4n ellu v\u00f5i mitte &#8211; sport.postimees.ee"},"content":{"rendered":"<ol>\n<li><a href=\"https:\/\/news.google.com\/rss\/articles\/CBMisAFBVV95cUxQR1JFZ2wyWHliRzZVWUYxckJWREw1dlFvS1dhWjRtYVVmYzJoMzU0OWRCRVdVd1p2X2k2Q1hXNTZvVTJrWUt2TlowdnBvNjFTRVQwZUlZM0N5cmNTN2dQcXp6VXprWVhodXhpNnUwNThCU0lkZkRlM0kwM2hHS3pPeC1vVUJVaXhTcWlkci11OEFhQW5fRVY4R2FRUExQY0dsSk9tLVc3WnNVNVJfYnowdg?oc=5\" target=\"_blank\" rel=\"nofollow noopener\">N\u00c4DALA PERSOON \u27e9 Niina Petr\u00f5kina: k\u00fcsimus oli selles, kas ma j\u00e4\u00e4n ellu v\u00f5i mitte<\/a>&nbsp;&nbsp;sport.postimees.ee<\/li>\n<li><a href=\"https:\/\/news.google.com\/rss\/articles\/CBMi0AFBVV95cUxORW5mb1hKZ0JYSzdsdzM3VmM5SkdUN3BiZ2V6dXJUT3BpVjJCakk1bndOX183WlhIa1RVcEw1Y2lmMXpQYVMtOS02bjZoRFA5Z3BuZlRVYWZkRXNXNGwtVnl5NVRQaTU5UDk4UGMySXBOR0dHTUVPNlVwV0F3eHUwZlBHYVdDczhoeHphUWhuS3AyRzFjVXdQOXdQdGtfb3hMT3VadkhDQ3p4eFlVUkFONm1WOFAwSTBISktQcV94c2V0SGpfeGVsYXE4Y21Zczdf?oc=5\" target=\"_blank\" rel=\"nofollow noopener\">Rivaalidest s\u00f5brannad Niina Petr\u00f5kinast: kutsikate jooga, imeline tervenemine ja peatamatud kleidid<\/a>&nbsp;&nbsp;\u00d5htuleht<\/li>\n<li><a href=\"https:\/\/news.google.com\/rss\/articles\/CBMirwFBVV95cUxOLWdnaVFldGVqUXpiLUF3eE5GMGtwclJBSDByOWkzaXBfYV94UTVJSWJBUHFselZCdmt6YUJGdlZ5VEs5VW12Z2ZLSE1hQU9vXzRMRkdXWEYzN2VrWnZVeVFGUzlQWEZPY0FGZlh2SmFNVGFnRHdHanlCR1RNbkE4cTZ1aTZ5dFliZTlBTFFUUEh3M09wcFF4bndabWtyU20tdTRKSk1PSnl1V2tlNDFN?oc=5\" target=\"_blank\" rel=\"nofollow noopener\">Niina Petr\u00f5kina: alustasin ja l\u00f5petasin hooaja kahe erineva inimesena<\/a>&nbsp;&nbsp;Delfi Sport<\/li>\n<li><a href=\"https:\/\/news.google.com\/rss\/articles\/CBMifEFVX3lxTE9EX1l1U3lERS1MZzFPYlVDS1lkOVJPYlpXczlJU3lkVUdsRnczUlhJM0RYWDBBSVBOMjhUelRDMHk1M05TU2RBMUxEV01ycmhhZi1tV0VkS1N2VlVkVmxLTjhKRjRhWV9rcnRnYjVRdnNKZFRPTkpDVVlHa2Q?oc=5\" target=\"_blank\" rel=\"nofollow noopener\">Petr\u00f5kina: minu elu on nagu ameerika m\u00e4ed<\/a>&nbsp;&nbsp;sport | ERR<\/li>\n<li><a href=\"https:\/\/news.google.com\/rss\/articles\/CBMiP0FVX3lxTFA4WTdyR2pmSW0zMGh1SFlHekM4amMwN0tRZ1JtbEdaYVpVSmk1Wk91bzJFVHVqR2JIeFVTVlJndw?oc=5\" target=\"_blank\" rel=\"nofollow noopener\">Varnavskaja: v\u00f5ib-olla juhtub nii, et pretendeerime veelkord OM-il osalema<\/a>&nbsp;&nbsp;Uudis.net<\/li>\n<\/ol>\n","protected":false},"excerpt":{"rendered":"N\u00c4DALA PERSOON \u27e9 Niina Petr\u00f5kina: k\u00fcsimus oli selles, kas ma j\u00e4\u00e4n ellu v\u00f5i mitte&nbsp;&nbsp;sport.postimees.ee Rivaalidest s\u00f5brannad Niina Petr\u00f5kinast:&hellip;\n","protected":false},"author":2,"featured_media":145129,"comment_status":"","ping_status":"","sticky":false,"template":"","format":"standard","meta":{"footnotes":"","_share_on_mastodon":"0"},"categories":[18],"tags":[67641,37,33,36186,35,494,67655,34,36,67651,4828,67653,67656,67646,67650,67648,67652,888,67649,67647,67645,67644,67640,159,67654,158,67642,16756,67643],"class_list":["post-145128","post","type-post","status-publish","format-standard","has-post-thumbnail","category-sport","tag-aplastiline-aneemia","tag-ee","tag-eesti","tag-eesti-iluuisutamine","tag-eesti-keel","tag-eesti-olumpiakomitee","tag-eneseareng-ja-enesehinnang","tag-estonia","tag-estonian","tag-euroopa-meistrivoistlused-iluuisutamises","tag-iluuisutamine","tag-kolmene-axel","tag-kuulsus-ja-tahelepanu","tag-lapsepolv-ja-sport","tag-mm-medalivoitlus","tag-motivatsioon-ja-sihikindlus","tag-neljakordsed-hupped","tag-niina-petrokina","tag-olumpiamangude-ettevalmistus","tag-opingud-ja-sport","tag-pere-toetus","tag-puberteet-ja-sport","tag-spordikarjaar","tag-sport","tag-sportlase-igapaevane-rutiin","tag-sports","tag-taastumine-vigastusest","tag-terviseprobleemid","tag-vaimne-tervis-spordis"],"share_on_mastodon":{"url":"","error":"Validation failed: Text character limit of 500 exceeded"},"_links":{"self":[{"href":"https:\/\/www.europesays.com\/ee\/wp-json\/wp\/v2\/posts\/145128","targetHints":{"allow":["GET"]}}],"collection":[{"href":"https:\/\/www.europesays.com\/ee\/wp-json\/wp\/v2\/posts"}],"about":[{"href":"https:\/\/www.europesays.com\/ee\/wp-json\/wp\/v2\/types\/post"}],"author":[{"embeddable":true,"href":"https:\/\/www.europesays.com\/ee\/wp-json\/wp\/v2\/users\/2"}],"replies":[{"embeddable":true,"href":"https:\/\/www.europesays.com\/ee\/wp-json\/wp\/v2\/comments?post=145128"}],"version-history":[{"count":0,"href":"https:\/\/www.europesays.com\/ee\/wp-json\/wp\/v2\/posts\/145128\/revisions"}],"wp:featuredmedia":[{"embeddable":true,"href":"https:\/\/www.europesays.com\/ee\/wp-json\/wp\/v2\/media\/145129"}],"wp:attachment":[{"href":"https:\/\/www.europesays.com\/ee\/wp-json\/wp\/v2\/media?parent=145128"}],"wp:term":[{"taxonomy":"category","embeddable":true,"href":"https:\/\/www.europesays.com\/ee\/wp-json\/wp\/v2\/categories?post=145128"},{"taxonomy":"post_tag","embeddable":true,"href":"https:\/\/www.europesays.com\/ee\/wp-json\/wp\/v2\/tags?post=145128"}],"curies":[{"name":"wp","href":"https:\/\/api.w.org\/{rel}","templated":true}]}}