{"id":145179,"date":"2026-04-03T14:57:14","date_gmt":"2026-04-03T14:57:14","guid":{"rendered":"https:\/\/www.europesays.com\/ee\/145179\/"},"modified":"2026-04-03T14:57:14","modified_gmt":"2026-04-03T14:57:14","slug":"donald-trump-laskus-tema-poliitikat-kritiseerinud-bruce-springsteeniga-sonasotta-see-mees-on-taielik-luuser","status":"publish","type":"post","link":"https:\/\/www.europesays.com\/ee\/145179\/","title":{"rendered":"Donald Trump laskus tema poliitikat kritiseerinud Bruce Springsteeniga s\u00f5nas\u00f5tta. \u201eSee mees on t\u00e4ielik luuser!\u201c"},"content":{"rendered":"<p>Juba aastaid on Bruce Springsteen (76) kritiseerinud avalikult Donald Trumpi (79) administratsiooni ning Trump pole kunagi vastust v\u00f5lgu j\u00e4\u00e4nud. Kui Springsteenile ei sobi presidendi tehtud valikud riigijuhtimisel, siis Trump kritiseerib s\u00f5nu valimata peaasjalikult Springsteeni v\u00e4limust ja lauluoskust. <\/p>\n<p>Viimane konflikt sai alguse veel selle n\u00e4dala alguses, mil Springsteen kritiseeris Minneapolises oma tuuri avamisel Trumpi aetavat poliitikat, eriti <a rel=\"noopener nofollow\" target=\"_blank\" href=\"https:\/\/www.delfi.ee\/teema\/30604059\/lahis-ida\" tag-id=\"30604059\">L\u00e4his-Ida<\/a> s\u00f5da, mida muusik peab p\u00f5hiseadusevastaseks sekkumiseks. S\u00f5nav\u00f5tt j\u00f5udis ka Trumpini, p\u00e4rast mida avaldas ta oma sotsiaalmeediaplatvormil Truth Social pika muusikut halvustava teksti. <\/p>\n<p>\u201eHalb ja v\u00e4ga igav laulja Bruce Springsteen, kes n\u00e4eb v\u00e4lja nagu kuivatatud ploom ning keda on r\u00e4ngalt piinanud t\u00f5eliselt kehva ilukirurgi k\u00e4si, on juba ammu p\u00f5denud kohutavat ja ravimatut Trumpi-vastase hullumeelsuse s\u00fcndroomi,\u201c kirjutas Trump \u00fchismeedias.<\/p>\n<p>\u201eSee mees on t\u00e4ielik luuser, kes s\u00fclitab viha presidendi pihta, kes v\u00f5itis valimised \u00fclekaaluka v\u00f5iduga, sealhulgas rahvah\u00e4\u00e4letuse,\u201c ei hoidnud Trump oma emotsioone tagasi. Ta lisas, et Springsteeni \u00fclehinnatud ja jubedaid kontserte peaks boikoteerima ning oma raskelt teenitud raha hoopis hoidma.<\/p>\n<p class=\"paragraph\">Teatavasti tuleneb Springsteeni vastumeelsus Trumpi poliitika osas sellest, et ta on veendunud demokraat, kes on presidendivalimistel ka Demokraatliku Partei eest kampaaniat teinud. Lisaks on ta endise USA presidendi <a rel=\"noopener nofollow\" target=\"_blank\" href=\"https:\/\/www.delfi.ee\/teema\/426\/barack-obama\" tag-id=\"426\">Barack Obama<\/a> pikaajaline s\u00f5ber. Mehed on koos lausa \u00fchise taskuh\u00e4\u00e4lingusaate produtseerinud.<\/p>\n<p class=\"paragraph\">Taoline s\u00f5prus kunagise rivaaliga pole Trumpile ilmselgelt meeltm\u00f6\u00f6da, mist\u00f5ttu nimetas president ka juba mullu Springsteeni kuivatatud ploomiks. Lisaks kasutab ta muusiku kirjeldamiseks s\u00f5nu nagu \u201eandetu\u201c, \u201eebaviisakas\u201c ja \u201e\u00fclbe idioot\u201c. <\/p>\n<p>Kuidas see lugu Sind end tundma pani? Saada <a href=\"https:\/\/kroonika.delfi.ee\/artikkel\/120565354\/donald-trump-laskus-tema-poliitikat-kritiseerinud-bruce-springsteeniga-sonasotta-see-mees-on-taielik-luuser\/kommentaarid\" class=\"article-body-bottom__comment article-body-bottom__comment--write button button--primary button--size-auto\" rel=\"nofollow noopener\" target=\"_blank\"> Kommenteeri <\/a><a href=\"https:\/\/kroonika.delfi.ee\/artikkel\/120565354\/donald-trump-laskus-tema-poliitikat-kritiseerinud-bruce-springsteeniga-sonasotta-see-mees-on-taielik-luuser\/kommentaarid\" class=\"article-body-bottom__comment article-body-bottom__comment--read button button--size-auto\" rel=\"nofollow noopener\" target=\"_blank\"> Loe kommentaare (58)<\/a><\/p>\n","protected":false},"excerpt":{"rendered":"Juba aastaid on Bruce Springsteen (76) kritiseerinud avalikult Donald Trumpi (79) administratsiooni ning Trump pole kunagi vastust v\u00f5lgu&hellip;\n","protected":false},"author":2,"featured_media":145180,"comment_status":"","ping_status":"","sticky":false,"template":"","format":"standard","meta":{"footnotes":"","_share_on_mastodon":"0"},"categories":[80],"tags":[1203,67692,26,27,16011,324,37,33,35,34,36,31,32,21,4376,28,29,95,19,25,23,24,22,462,20,30,92,93,94],"class_list":["post-145179","post","type-post","status-publish","format-standard","has-post-thumbnail","category-maailm","tag-barack-obama","tag-barack-obama-eestis","tag-breaking-news","tag-breakingnews","tag-bruce-springsteen","tag-donald-trump","tag-ee","tag-eesti","tag-eesti-keel","tag-estonia","tag-estonian","tag-featured-news","tag-featurednews","tag-headlines","tag-lahis-ida","tag-latest-news","tag-latestnews","tag-maailm","tag-news","tag-populaarseimad-lood","tag-top-stories","tag-topstories","tag-uldised-uudised","tag-usa-president","tag-uudised","tag-viimased-uudised","tag-world","tag-world-news","tag-worldnews"],"share_on_mastodon":{"url":"https:\/\/pubeurope.com\/@ee\/116341364656552521","error":""},"_links":{"self":[{"href":"https:\/\/www.europesays.com\/ee\/wp-json\/wp\/v2\/posts\/145179","targetHints":{"allow":["GET"]}}],"collection":[{"href":"https:\/\/www.europesays.com\/ee\/wp-json\/wp\/v2\/posts"}],"about":[{"href":"https:\/\/www.europesays.com\/ee\/wp-json\/wp\/v2\/types\/post"}],"author":[{"embeddable":true,"href":"https:\/\/www.europesays.com\/ee\/wp-json\/wp\/v2\/users\/2"}],"replies":[{"embeddable":true,"href":"https:\/\/www.europesays.com\/ee\/wp-json\/wp\/v2\/comments?post=145179"}],"version-history":[{"count":0,"href":"https:\/\/www.europesays.com\/ee\/wp-json\/wp\/v2\/posts\/145179\/revisions"}],"wp:featuredmedia":[{"embeddable":true,"href":"https:\/\/www.europesays.com\/ee\/wp-json\/wp\/v2\/media\/145180"}],"wp:attachment":[{"href":"https:\/\/www.europesays.com\/ee\/wp-json\/wp\/v2\/media?parent=145179"}],"wp:term":[{"taxonomy":"category","embeddable":true,"href":"https:\/\/www.europesays.com\/ee\/wp-json\/wp\/v2\/categories?post=145179"},{"taxonomy":"post_tag","embeddable":true,"href":"https:\/\/www.europesays.com\/ee\/wp-json\/wp\/v2\/tags?post=145179"}],"curies":[{"name":"wp","href":"https:\/\/api.w.org\/{rel}","templated":true}]}}