{"id":145309,"date":"2026-04-03T17:54:09","date_gmt":"2026-04-03T17:54:09","guid":{"rendered":"https:\/\/www.europesays.com\/ee\/145309\/"},"modified":"2026-04-03T17:54:09","modified_gmt":"2026-04-03T17:54:09","slug":"uusi-seadusi-tootukassa-ei-jaga-enam-ettevotlustoetust","status":"publish","type":"post","link":"https:\/\/www.europesays.com\/ee\/145309\/","title":{"rendered":"UUSI SEADUSI | T\u00f6\u00f6tukassa ei jaga enam ettev\u00f5tlustoetust"},"content":{"rendered":"<p class=\"MsoNormal\">Ravikindlustuse seaduse muudatusega saab 1. aprillist sissetulekus kaotamata haiguse ajal paindlikult t\u00f6\u00f6tada juba alates 31. haiguslehe p\u00e4evast. Seni oli see v\u00f5imalik alles 61. haigusp\u00e4evast. S\u00fcsteem ei rakendu k\u00e4sundus- ja t\u00f6\u00f6v\u00f5tulepinguga t\u00f6\u00f6tajaile, FIEdele, ettev\u00f5tluskonto omanikele ja ettev\u00f5tte juhatuse liikmetele. Sissetulek haiguse ajal t\u00f6\u00f6tades s\u00e4ilib, sest t\u00f6\u00f6andja ja tervisekassa maksavad selle \u00fchiselt. T\u00f6\u00f6andja tasub v\u00e4hemalt 50% t\u00f6\u00f6tasust ja palgavahe v\u00f5rreldes haiguseelse ajaga h\u00fcvitab tervisekassa. Tervise t\u00f5ttu t\u00f6\u00f6tamisel abi vajajal on v\u00f5imalik saada tuge ka <a rel=\"noopener nofollow\" target=\"_blank\" href=\"https:\/\/www.delfi.ee\/teema\/36522857\/tootukassa\" tag-id=\"36522857\">t\u00f6\u00f6tukassa<\/a> b\u00fcroost v\u00f5i leppida kokku kohtumine n\u00f5ustaja v\u00f5i t\u00f6\u00f6andjate konsultandiga. <\/p>\n","protected":false},"excerpt":{"rendered":"Ravikindlustuse seaduse muudatusega saab 1. aprillist sissetulekus kaotamata haiguse ajal paindlikult t\u00f6\u00f6tada juba alates 31. haiguslehe p\u00e4evast. Seni&hellip;\n","protected":false},"author":2,"featured_media":66146,"comment_status":"","ping_status":"","sticky":false,"template":"","format":"standard","meta":{"footnotes":"","_share_on_mastodon":"0"},"categories":[12],"tags":[26,27,37,33,35,34,36,31,32,20112,21,1764,28,29,19,25,2808,6537,2178,23,24,22,20,30],"class_list":["post-145309","post","type-post","status-publish","format-standard","has-post-thumbnail","category-eesti","tag-breaking-news","tag-breakingnews","tag-ee","tag-eesti","tag-eesti-keel","tag-estonia","tag-estonian","tag-featured-news","tag-featurednews","tag-haigusleht","tag-headlines","tag-huvitis","tag-latest-news","tag-latestnews","tag-news","tag-populaarseimad-lood","tag-tooandjad","tag-toohoive","tag-tootukassa","tag-top-stories","tag-topstories","tag-uldised-uudised","tag-uudised","tag-viimased-uudised"],"share_on_mastodon":{"url":"https:\/\/pubeurope.com\/@ee\/116342061078536854","error":""},"_links":{"self":[{"href":"https:\/\/www.europesays.com\/ee\/wp-json\/wp\/v2\/posts\/145309","targetHints":{"allow":["GET"]}}],"collection":[{"href":"https:\/\/www.europesays.com\/ee\/wp-json\/wp\/v2\/posts"}],"about":[{"href":"https:\/\/www.europesays.com\/ee\/wp-json\/wp\/v2\/types\/post"}],"author":[{"embeddable":true,"href":"https:\/\/www.europesays.com\/ee\/wp-json\/wp\/v2\/users\/2"}],"replies":[{"embeddable":true,"href":"https:\/\/www.europesays.com\/ee\/wp-json\/wp\/v2\/comments?post=145309"}],"version-history":[{"count":0,"href":"https:\/\/www.europesays.com\/ee\/wp-json\/wp\/v2\/posts\/145309\/revisions"}],"wp:featuredmedia":[{"embeddable":true,"href":"https:\/\/www.europesays.com\/ee\/wp-json\/wp\/v2\/media\/66146"}],"wp:attachment":[{"href":"https:\/\/www.europesays.com\/ee\/wp-json\/wp\/v2\/media?parent=145309"}],"wp:term":[{"taxonomy":"category","embeddable":true,"href":"https:\/\/www.europesays.com\/ee\/wp-json\/wp\/v2\/categories?post=145309"},{"taxonomy":"post_tag","embeddable":true,"href":"https:\/\/www.europesays.com\/ee\/wp-json\/wp\/v2\/tags?post=145309"}],"curies":[{"name":"wp","href":"https:\/\/api.w.org\/{rel}","templated":true}]}}