{"id":145361,"date":"2026-04-03T19:45:15","date_gmt":"2026-04-03T19:45:15","guid":{"rendered":"https:\/\/www.europesays.com\/ee\/145361\/"},"modified":"2026-04-03T19:45:15","modified_gmt":"2026-04-03T19:45:15","slug":"daniil-glinka-langes-barletta-challengeril-konkurentsist","status":"publish","type":"post","link":"https:\/\/www.europesays.com\/ee\/145361\/","title":{"rendered":"Daniil Glinka langes Barletta Challengeril konkurentsist"},"content":{"rendered":"<p>Avaringis 38-aastase Kasahstani vanameistri Mikhail Kukushkini (ATP 279.) 6:3, 6:3 alistanud Glinka kohtus reedel teises ringis belglase Kimmer Coppejansiga (ATP 232.). P\u00e4rast 2023. aastat esimesel liivaturniiril m\u00e4ngiv Glinka andis kogenud 32-aastasele vastasele k\u00fcll lahingu, kuid kaotas tund ja 58 minutit kestnud kohtumise 5:7, 4:6.<\/p>\n<p>Seejuures asus Glinka m\u00f5lemat setti murdega juhtima. Avasetis tuli Coppejans v\u00e4lja 1:3 kaotusseisust ja teises setis 0:3 kaotusseisust. Kahe peale kokku tehti m\u00e4ngu jooksul koguni kaheksa servimurret: Glinka realiseeris murdepalle 7-st kolm ja Coppejans 13-st viis.<\/p>\n<p>M\u00f5lemad m\u00e4ngijad tegid 16 \u00e4ral\u00f6\u00f6ki, kuid vahe tuli sisse lihtvigades, mida Coppejansil kogunes 32, kuid Glinkal 44. Glinka l\u00f5i kolm \u00e4ssa ja tegi neli topeltviga, vastane l\u00f5i \u00fche \u00e4ssa ja tegi samuti neli topeltviga. <\/p>\n<p>J\u00e4rgmisel n\u00e4dalal osaleb Glinka Ameerika \u00dchendriikides toimuval Sarasota ATP Challenger 75 turniiril.<\/p>\n<p>Kuidas see lugu Sind end tundma pani? Saada <a href=\"https:\/\/sport.delfi.ee\/artikkel\/120565406\/daniil-glinka-langes-barletta-challengeril-konkurentsist\/kommentaarid\" class=\"article-body-bottom__comment article-body-bottom__comment--write button button--primary button--size-auto\" rel=\"nofollow noopener\" target=\"_blank\"> Kommenteeri <\/a><a href=\"https:\/\/sport.delfi.ee\/artikkel\/120565406\/daniil-glinka-langes-barletta-challengeril-konkurentsist\/kommentaarid\" class=\"article-body-bottom__comment article-body-bottom__comment--read button button--size-auto\" rel=\"nofollow noopener\" target=\"_blank\"> Loe kommentaare <\/a><\/p>\n","protected":false},"excerpt":{"rendered":"Avaringis 38-aastase Kasahstani vanameistri Mikhail Kukushkini (ATP 279.) 6:3, 6:3 alistanud Glinka kohtus reedel teises ringis belglase Kimmer&hellip;\n","protected":false},"author":2,"featured_media":145362,"comment_status":"","ping_status":"","sticky":false,"template":"","format":"standard","meta":{"footnotes":"","_share_on_mastodon":"0"},"categories":[5],"tags":[2429,26,27,556,37,33,35,34,36,31,32,21,28,29,19,25,23,24,22,20,30],"class_list":["post-145361","post","type-post","status-publish","format-standard","has-post-thumbnail","category-uldised-uudised","tag-atp","tag-breaking-news","tag-breakingnews","tag-daniil-glinka","tag-ee","tag-eesti","tag-eesti-keel","tag-estonia","tag-estonian","tag-featured-news","tag-featurednews","tag-headlines","tag-latest-news","tag-latestnews","tag-news","tag-populaarseimad-lood","tag-top-stories","tag-topstories","tag-uldised-uudised","tag-uudised","tag-viimased-uudised"],"share_on_mastodon":{"url":"https:\/\/pubeurope.com\/@ee\/116342497117821225","error":""},"_links":{"self":[{"href":"https:\/\/www.europesays.com\/ee\/wp-json\/wp\/v2\/posts\/145361","targetHints":{"allow":["GET"]}}],"collection":[{"href":"https:\/\/www.europesays.com\/ee\/wp-json\/wp\/v2\/posts"}],"about":[{"href":"https:\/\/www.europesays.com\/ee\/wp-json\/wp\/v2\/types\/post"}],"author":[{"embeddable":true,"href":"https:\/\/www.europesays.com\/ee\/wp-json\/wp\/v2\/users\/2"}],"replies":[{"embeddable":true,"href":"https:\/\/www.europesays.com\/ee\/wp-json\/wp\/v2\/comments?post=145361"}],"version-history":[{"count":0,"href":"https:\/\/www.europesays.com\/ee\/wp-json\/wp\/v2\/posts\/145361\/revisions"}],"wp:featuredmedia":[{"embeddable":true,"href":"https:\/\/www.europesays.com\/ee\/wp-json\/wp\/v2\/media\/145362"}],"wp:attachment":[{"href":"https:\/\/www.europesays.com\/ee\/wp-json\/wp\/v2\/media?parent=145361"}],"wp:term":[{"taxonomy":"category","embeddable":true,"href":"https:\/\/www.europesays.com\/ee\/wp-json\/wp\/v2\/categories?post=145361"},{"taxonomy":"post_tag","embeddable":true,"href":"https:\/\/www.europesays.com\/ee\/wp-json\/wp\/v2\/tags?post=145361"}],"curies":[{"name":"wp","href":"https:\/\/api.w.org\/{rel}","templated":true}]}}