{"id":145491,"date":"2026-04-04T03:49:31","date_gmt":"2026-04-04T03:49:31","guid":{"rendered":"https:\/\/www.europesays.com\/ee\/145491\/"},"modified":"2026-04-04T03:49:31","modified_gmt":"2026-04-04T03:49:31","slug":"ilmateade-nadalavahetus-moodub-sajuselt-puhapaeval-on-oodata-ka-lortsi-maaleht","status":"publish","type":"post","link":"https:\/\/www.europesays.com\/ee\/145491\/","title":{"rendered":"ILMATEADE | N\u00e4dalavahetus m\u00f6\u00f6dub sajuselt. P\u00fchap\u00e4eval on oodata ka l\u00f6rtsi &#8211; Maaleht"},"content":{"rendered":"<ol>\n<li><a href=\"https:\/\/news.google.com\/rss\/articles\/CBMitAFBVV95cUxOMnluRzFhNVNyNXQzeHozQTBaUEZoUExmSWQzNVRTOF9QUVhHWldBSURBTkdTdGRTSDg3aVVKSWtsNTBmaE1UQk9URk1XRjl3OGktN21memtCZjJsM09UTzN5eW44YzZHTTJCaEx4TkZnZGxJV294aE5zWGQyYzNkRVJidWsyN3dMWVpCWnNtQjg4alpKLTB6SS1hYTV4RkEwenYwUzhuSHZwcG5sNVVIdVIxd3I?oc=5\" target=\"_blank\" rel=\"nofollow noopener\">ILMATEADE | N\u00e4dalavahetus m\u00f6\u00f6dub sajuselt. P\u00fchap\u00e4eval on oodata ka l\u00f6rtsi<\/a>&nbsp;&nbsp;Maaleht<\/li>\n<li><a href=\"https:\/\/news.google.com\/rss\/articles\/CBMimwFBVV95cUxOLTJDdmlJOFBsS1lZYWtuV2s3S2pxalFXNkdKUUdIVVU3aGp4T1hNMTR1ZklKQ1I3dDAyUm9ZNWI4Vnc2enU0cHBDeXpCb1poSWJvcEI1WXV3dHc5cTd4aHhQbkdJRERFMkJhbE44aXpUUGRRaWxwTXRUd1ZNVFVfSjUtNWVsSmpVdkNSemRPZVFRTHBrT1N5OXg3MA?oc=5\" target=\"_blank\" rel=\"nofollow noopener\">L\u00e4hip\u00e4evad pakuvad nii l\u00f6rtsi, vihma kui ka p\u00e4ikesepaistet<\/a>&nbsp;&nbsp;Ilmajaam<\/li>\n<li><a href=\"https:\/\/news.google.com\/rss\/articles\/CBMigAFBVV95cUxPMTJoV2VQa1pheGRnVlJaM05TdVRRZHB5NkRKS1hpdUlzWnA3OV9DQm51X0NwanNlZzNVRk9LS0VtZjRtd25BOVBzRDk2NzRaMktsajJfdmhpX1pEdDRtSGlXWEhQZm5ZaHdRVjVFM2JrQ3BzSG0zNDFidEVPdDVZcg?oc=5\" target=\"_blank\" rel=\"nofollow noopener\">Aprill t\u00f5otab k\u00fclma ja l\u00f6rtsigi<\/a>&nbsp;&nbsp;Virumaa Teataja<\/li>\n<li><a href=\"https:\/\/news.google.com\/rss\/articles\/CBMiuAFBVV95cUxNWkpwakpGS2M5Q2huT0RvS1puYVotRE11cXhhUld1NVZ3V3FXZ19kRGFrbHdRWm94eHF4UlRpVXBEUm9Vam9qZ0J4SDBrdlJmM1BxVmczQzdGZ05QZDZGRndKVFYzaGZMZld3YzQ5STNrbFZHTWVfdXVER2tYeG1fbm9sVE9BSm1sMWNyZmRPYVlEd2w0bms2ZEVGRjRNZ1ZqQ2VpN2JZRjJ2UVpSVTNtWWNBLTFMZDJ1?oc=5\" target=\"_blank\" rel=\"nofollow noopener\">ILMAPROGNOOS | Ilm muutub j\u00e4rjest jahedamaks ning oodata on vihma ja l\u00f6rtsi<\/a>&nbsp;&nbsp;Maaleht<\/li>\n<li><a href=\"https:\/\/news.google.com\/rss\/articles\/CBMirwFBVV95cUxNeW5zZnNFcU1fQVJTdXFzUWdRcW9QT1RQbFp1SVN2bFJLRTlUZVpqaEZRLS03bVVDM09ZRGxPeDRaNGRVUm5YSnNYNXVsbVdOUVNUdFhuZzZZQzNyWndGNlRiTWR2cW9oMDBiWEN1eG80YkJWMUFmRUp5RHItZ2RJblF6ZHcyTllwNmZsZEtSQllDOHMzOHJ1SGdVNmdaRVFDdnZnMnN5Q1o0cGhDM2pv?oc=5\" target=\"_blank\" rel=\"nofollow noopener\">APRILLI PROGNOOS | Ilm teeb kannap\u00f6\u00f6rdeid. Kas talv tuleb tagasi?<\/a>&nbsp;&nbsp;Maaleht<\/li>\n<\/ol>\n","protected":false},"excerpt":{"rendered":"ILMATEADE | N\u00e4dalavahetus m\u00f6\u00f6dub sajuselt. P\u00fchap\u00e4eval on oodata ka l\u00f6rtsi&nbsp;&nbsp;Maaleht L\u00e4hip\u00e4evad pakuvad nii l\u00f6rtsi, vihma kui ka p\u00e4ikesepaistet&nbsp;&nbsp;Ilmajaam&hellip;\n","protected":false},"author":2,"featured_media":145492,"comment_status":"","ping_status":"","sticky":false,"template":"","format":"standard","meta":{"footnotes":"","_share_on_mastodon":"0"},"categories":[12],"tags":[26,27,37,33,35,34,36,31,32,21,3963,28,29,7430,19,25,23,24,22,20,30],"class_list":["post-145491","post","type-post","status-publish","format-standard","has-post-thumbnail","category-eesti","tag-breaking-news","tag-breakingnews","tag-ee","tag-eesti","tag-eesti-keel","tag-estonia","tag-estonian","tag-featured-news","tag-featurednews","tag-headlines","tag-ilmateade","tag-latest-news","tag-latestnews","tag-lorts","tag-news","tag-populaarseimad-lood","tag-top-stories","tag-topstories","tag-uldised-uudised","tag-uudised","tag-viimased-uudised"],"share_on_mastodon":{"url":"https:\/\/pubeurope.com\/@ee\/116344400430726069","error":""},"_links":{"self":[{"href":"https:\/\/www.europesays.com\/ee\/wp-json\/wp\/v2\/posts\/145491","targetHints":{"allow":["GET"]}}],"collection":[{"href":"https:\/\/www.europesays.com\/ee\/wp-json\/wp\/v2\/posts"}],"about":[{"href":"https:\/\/www.europesays.com\/ee\/wp-json\/wp\/v2\/types\/post"}],"author":[{"embeddable":true,"href":"https:\/\/www.europesays.com\/ee\/wp-json\/wp\/v2\/users\/2"}],"replies":[{"embeddable":true,"href":"https:\/\/www.europesays.com\/ee\/wp-json\/wp\/v2\/comments?post=145491"}],"version-history":[{"count":0,"href":"https:\/\/www.europesays.com\/ee\/wp-json\/wp\/v2\/posts\/145491\/revisions"}],"wp:featuredmedia":[{"embeddable":true,"href":"https:\/\/www.europesays.com\/ee\/wp-json\/wp\/v2\/media\/145492"}],"wp:attachment":[{"href":"https:\/\/www.europesays.com\/ee\/wp-json\/wp\/v2\/media?parent=145491"}],"wp:term":[{"taxonomy":"category","embeddable":true,"href":"https:\/\/www.europesays.com\/ee\/wp-json\/wp\/v2\/categories?post=145491"},{"taxonomy":"post_tag","embeddable":true,"href":"https:\/\/www.europesays.com\/ee\/wp-json\/wp\/v2\/tags?post=145491"}],"curies":[{"name":"wp","href":"https:\/\/api.w.org\/{rel}","templated":true}]}}