{"id":145665,"date":"2026-04-04T09:00:05","date_gmt":"2026-04-04T09:00:05","guid":{"rendered":"https:\/\/www.europesays.com\/ee\/145665\/"},"modified":"2026-04-04T09:00:05","modified_gmt":"2026-04-04T09:00:05","slug":"sahinad-pangad-valdivad-megakasumist-raakides-euribori-mainimist","status":"publish","type":"post","link":"https:\/\/www.europesays.com\/ee\/145665\/","title":{"rendered":"SAHINAD | Pangad v\u00e4ldivad megakasumist r\u00e4\u00e4kides Euribori mainimist"},"content":{"rendered":"<p class=\"MsoNoSpacing\">Pankade PR-teadetes pole m\u00e4rgitud nende viimaste aastate suurima rahasaju allikat Euribori ehk indeksit, mille nad lisavad laenu andes intressidele ja millest suurem osa l\u00e4heb nende kasumiks. T\u00e4nu Euribori t\u00f5usule kasvas Eesti krediidiasutuste kogukasum 2023. aastal lausa 92 protsendi v\u00f5rra ja 2024. aastal veel 13 protsendi v\u00f5rra, \u00fcletades \u00fche miljardi euro piiri. Mullu Euribor kahanes ja see oli p\u00f5hiline p\u00f5hjus, miks pankade koondkasum kukkus veerandi v\u00f5rra.<\/p>\n","protected":false},"excerpt":{"rendered":"Pankade PR-teadetes pole m\u00e4rgitud nende viimaste aastate suurima rahasaju allikat Euribori ehk indeksit, mille nad lisavad laenu andes&hellip;\n","protected":false},"author":2,"featured_media":82812,"comment_status":"","ping_status":"","sticky":false,"template":"","format":"standard","meta":{"footnotes":"","_share_on_mastodon":"0"},"categories":[5],"tags":[26,27,5638,37,33,35,34,36,3721,31,32,7456,21,4376,28,29,3243,2860,19,25,10494,2709,23,24,22,20,30],"class_list":["post-145665","post","type-post","status-publish","format-standard","has-post-thumbnail","category-uldised-uudised","tag-breaking-news","tag-breakingnews","tag-coop-pank","tag-ee","tag-eesti","tag-eesti-keel","tag-estonia","tag-estonian","tag-euribor","tag-featured-news","tag-featurednews","tag-finantsjuht","tag-headlines","tag-lahis-ida","tag-latest-news","tag-latestnews","tag-lhv","tag-liisa-pakosta","tag-news","tag-populaarseimad-lood","tag-saatse","tag-seb","tag-top-stories","tag-topstories","tag-uldised-uudised","tag-uudised","tag-viimased-uudised"],"share_on_mastodon":{"url":"https:\/\/pubeurope.com\/@ee\/116345623198314196","error":""},"_links":{"self":[{"href":"https:\/\/www.europesays.com\/ee\/wp-json\/wp\/v2\/posts\/145665","targetHints":{"allow":["GET"]}}],"collection":[{"href":"https:\/\/www.europesays.com\/ee\/wp-json\/wp\/v2\/posts"}],"about":[{"href":"https:\/\/www.europesays.com\/ee\/wp-json\/wp\/v2\/types\/post"}],"author":[{"embeddable":true,"href":"https:\/\/www.europesays.com\/ee\/wp-json\/wp\/v2\/users\/2"}],"replies":[{"embeddable":true,"href":"https:\/\/www.europesays.com\/ee\/wp-json\/wp\/v2\/comments?post=145665"}],"version-history":[{"count":0,"href":"https:\/\/www.europesays.com\/ee\/wp-json\/wp\/v2\/posts\/145665\/revisions"}],"wp:featuredmedia":[{"embeddable":true,"href":"https:\/\/www.europesays.com\/ee\/wp-json\/wp\/v2\/media\/82812"}],"wp:attachment":[{"href":"https:\/\/www.europesays.com\/ee\/wp-json\/wp\/v2\/media?parent=145665"}],"wp:term":[{"taxonomy":"category","embeddable":true,"href":"https:\/\/www.europesays.com\/ee\/wp-json\/wp\/v2\/categories?post=145665"},{"taxonomy":"post_tag","embeddable":true,"href":"https:\/\/www.europesays.com\/ee\/wp-json\/wp\/v2\/tags?post=145665"}],"curies":[{"name":"wp","href":"https:\/\/api.w.org\/{rel}","templated":true}]}}