{"id":145804,"date":"2026-04-04T12:39:08","date_gmt":"2026-04-04T12:39:08","guid":{"rendered":"https:\/\/www.europesays.com\/ee\/145804\/"},"modified":"2026-04-04T12:39:08","modified_gmt":"2026-04-04T12:39:08","slug":"odav-nipp-%e2%9f%a9-60-aastase-briti-naitlejanna-vorratule-bikiinifiguurile-aitab-kaasa-uks-lihtne-asi","status":"publish","type":"post","link":"https:\/\/www.europesays.com\/ee\/145804\/","title":{"rendered":"ODAV NIPP \u27e9 60-aastase Briti n\u00e4itlejanna v\u00f5rratule bikiinifiguurile aitab kaasa \u00fcks lihtne asi"},"content":{"rendered":"<p>60-aastase Briti n\u00e4itlejanna ja modelli Elizabeth Hurley hea figuur ei ole enam ammu mingi saladus. Naine tunneb oma hea vormi \u00fcle ilmselgelt uhkust, sest ta ei pelga seda avalikkusele n\u00e4idata. Hiljuti viitas Hurley, et tegelikult aitab tema heale figuurile kaasa midagi eriti lihtsat, mida ta igal hommikul teeb.<\/p>\n<p>Briti n\u00e4itlejanna Elizabeth Hurley t\u00e4histas m\u00f6\u00f6dunud suvel enda 60. s\u00fcnnip\u00e4eva. Olenemata oma east n\u00e4eb Hurley siiani v\u00f5rratu v\u00e4lja ja ei h\u00e4bene endast sotsiaalmeedias poolpaljaid pilte jagada.<\/p>\n","protected":false},"excerpt":{"rendered":"60-aastase Briti n\u00e4itlejanna ja modelli Elizabeth Hurley hea figuur ei ole enam ammu mingi saladus. Naine tunneb oma&hellip;\n","protected":false},"author":2,"featured_media":145805,"comment_status":"","ping_status":"","sticky":false,"template":"","format":"standard","meta":{"footnotes":"","_share_on_mastodon":"0"},"categories":[80],"tags":[68101,68106,26,27,68102,37,33,35,5909,34,36,31,32,68103,21,28,29,95,24411,19,25,68105,23,24,22,20,30,68104,92,93,94],"class_list":["post-145804","post","type-post","status-publish","format-standard","has-post-thumbnail","category-maailm","tag-60-aastane","tag-bikiinibrand","tag-breaking-news","tag-breakingnews","tag-briti-naitlejanna","tag-ee","tag-eesti","tag-eesti-keel","tag-elizabeth-hurley","tag-estonia","tag-estonian","tag-featured-news","tag-featurednews","tag-hea-figuur","tag-headlines","tag-latest-news","tag-latestnews","tag-maailm","tag-modell","tag-news","tag-populaarseimad-lood","tag-tervisenipp","tag-top-stories","tag-topstories","tag-uldised-uudised","tag-uudised","tag-viimased-uudised","tag-vormis-pusimine","tag-world","tag-world-news","tag-worldnews"],"share_on_mastodon":{"url":"https:\/\/pubeurope.com\/@ee\/116346484415477319","error":""},"_links":{"self":[{"href":"https:\/\/www.europesays.com\/ee\/wp-json\/wp\/v2\/posts\/145804","targetHints":{"allow":["GET"]}}],"collection":[{"href":"https:\/\/www.europesays.com\/ee\/wp-json\/wp\/v2\/posts"}],"about":[{"href":"https:\/\/www.europesays.com\/ee\/wp-json\/wp\/v2\/types\/post"}],"author":[{"embeddable":true,"href":"https:\/\/www.europesays.com\/ee\/wp-json\/wp\/v2\/users\/2"}],"replies":[{"embeddable":true,"href":"https:\/\/www.europesays.com\/ee\/wp-json\/wp\/v2\/comments?post=145804"}],"version-history":[{"count":0,"href":"https:\/\/www.europesays.com\/ee\/wp-json\/wp\/v2\/posts\/145804\/revisions"}],"wp:featuredmedia":[{"embeddable":true,"href":"https:\/\/www.europesays.com\/ee\/wp-json\/wp\/v2\/media\/145805"}],"wp:attachment":[{"href":"https:\/\/www.europesays.com\/ee\/wp-json\/wp\/v2\/media?parent=145804"}],"wp:term":[{"taxonomy":"category","embeddable":true,"href":"https:\/\/www.europesays.com\/ee\/wp-json\/wp\/v2\/categories?post=145804"},{"taxonomy":"post_tag","embeddable":true,"href":"https:\/\/www.europesays.com\/ee\/wp-json\/wp\/v2\/tags?post=145804"}],"curies":[{"name":"wp","href":"https:\/\/api.w.org\/{rel}","templated":true}]}}