{"id":145865,"date":"2026-04-04T14:30:25","date_gmt":"2026-04-04T14:30:25","guid":{"rendered":"https:\/\/www.europesays.com\/ee\/145865\/"},"modified":"2026-04-04T14:30:25","modified_gmt":"2026-04-04T14:30:25","slug":"jarva-maleva-kaitseliitlased-sattusid-soja-ja-katastroofimeditsiini-keskele","status":"publish","type":"post","link":"https:\/\/www.europesays.com\/ee\/145865\/","title":{"rendered":"J\u00e4rva maleva kaitseliitlased sattusid s\u00f5ja- ja katastroofimeditsiini keskele"},"content":{"rendered":"<p>K\u00fcsimusele, miks oli ta viimasel \u00f5ppusel autojuht, vastas Hiiem\u00e4e, et vanus on juba sealmaal, et eesliinil v\u00f5ib ta noorematele meestele alla j\u00e4\u00e4da, kuid m\u00f5nes spetsiifilisemas ametis v\u00f5ib temast kasu olla k\u00fcll ja veel.<\/p>\n<p>Risto Aarelo lisas, et tema abikaasa on samuti Kaitseliidus ja perel on \u00fchised v\u00e4\u00e4rtused. \u00abEks minu Kaitseliidu-aastad on erinevad, kord on tulnud v\u00e4ga-v\u00e4ga palju tunde, kord v\u00e4hem. Tahe panustada on aga endiselt olemas, eriti meditsiinivald\u00adkonnas, olen n\u00fc\u00fcd j\u00e4rjest l\u00e4binud koolitusi ja kursusi,\u00bb lausus ta.<\/p>\n<p>T\u00f5ele au andes on Aarelo\u00ad kandideerinud ka meditsiinikooli, kuid piirdub praegu Kaitse\u00adliiduga, mis sellest, et hariduse poolest v\u00f5iks ta minna ka kiirabisse t\u00f6\u00f6le.<\/p>\n<p>Risto Aarelo (48) teenib igap\u00e4evast leiba teedehooldus\u00admasina juhina. J\u00e4rva malevas on Paide \u00fcksikkompaniisse kuuluv kapral Aarelo kompanii meedik. Vabatahtliku riigikaitsja staa\u017ei on tal ligi 11 aastat.<\/p>\n<p>Nii Hiiem\u00e4e kui ka Aarelo kiitsid J\u00e4rva maleva uut pealikut, eelmisel aastal kaitsev\u00e4est \u00fcle tulnud major Agur Kiburit, kes tilulilusse suurt ei panusta, vaid peab oluliseks s\u00f5jalist v\u00e4lja\u00f5pet\u00ad.<\/p>\n<p>T\u00e4navu J\u00e4rva maleva suuremaid \u00fcksusi teadaolevalt suuremad \u00f5ppused ees ei oota. Ei kevadel Kevadtormi ega s\u00fcgisel Orkaani v\u00f5i midagi muud.<\/p>\n<p>Kaitsev\u00e4e medit\u00adsiini\u00ad\u00fcksused harju\u00adtasid koost\u00f6\u00f6d<\/p>\n<p>Kaitsev\u00e4e akadeemia s\u00f5ja- ja katastroofimeditsiinikeskuse korraldatud koost\u00f6\u00f6harjutus Varblaser\u00fcnnak suurendas harjutuse juhi kapten Valter Voo\u00admetsa s\u00f5nul \u00fcksuste oskust ja v\u00f5imekust tegutseda diviisi struktuuris \u00fchtse meditsiinis\u00fcsteemina. \u00abSamuti oli v\u00f5imalik leida ja lahendada esile tulnud kitsaskohti arenevas taktikalises meditsiinis\u00fcsteemis ning teha t\u00e4iendusi tegevuseeskirjadesse vastavalt \u00f5pitu vastusele,\u00bb selgitas ta.<\/p>\n<p>Eesm\u00e4rk oli kontrollida ja parandada meedikute ja meditsiini\u00fcksuste koost\u00f6\u00f6d, t\u00e4iendada reservv\u00e4elaste teadmisi ja oskusi, treenida meeskonnat\u00f6\u00f6d traumahaige k\u00e4sitlemisel ning anda viimane lihv meedikute eriv\u00e4lja\u00f5ppele enne suur\u00ad\u00f5ppust Kevadtorm 2026.<\/p>\n<p><img decoding=\"async\" class=\"figure__image\" onclick=\"triggerEvent('articleImageClick', { id: 17541561, focus: 'single-image', focusIndex: '17541561' })\" onkeydown=\"if (event.key === 'Enter') {&#10;        triggerEvent('articleImageClick', { id: 17541561, focus: 'single-image', focusIndex: '17541561' })&#10;        }\" role=\"button\" tabindex=\"0\" data-focus-from=\"single-image\" data-focus-index=\"17541561\" src=\"https:\/\/www.europesays.com\/ee\/wp-content\/uploads\/2026\/04\/17541561t1hc41f.jpg\"  onload=\"this.parentElement.classList.remove('figure__image-loading')\" alt=\"Kuigi \u00f5ppuse k\u00e4igus m\u00e4ngiti l\u00e4bi k\u00f5ik vigastanule abi andmise tasemed alates haavatute kogumispunktist kuni v\u00e4lihaiglani, oli n\u00e4dalase harjutuse k\u00e4igus r\u00f5hk patsiendi k\u00e4sitlusel pataljoni tasemel.\"\/>Kuigi \u00f5ppuse k\u00e4igus m\u00e4ngiti l\u00e4bi k\u00f5ik vigastanule abi andmise tasemed alates haavatute kogumispunktist kuni v\u00e4lihaiglani, oli n\u00e4dalase harjutuse k\u00e4igus r\u00f5hk patsiendi k\u00e4sitlusel pataljoni tasemel. Foto: Kristjan-Hendrik Paavo\/Kaitsev\u00e4gi<\/p>\n<p>Kuigi \u00f5ppuse k\u00e4igus m\u00e4ngiti l\u00e4bi k\u00f5ik vigastanule abi andmise tasemed alates haavatute kogumispunktist kuni v\u00e4lihaiglani, siis n\u00e4dalase harjutuse k\u00e4igus oli r\u00f5hk patsiendi k\u00e4sitlusel pataljoni tasemel. Sealjuures oli oluline l\u00e4bi m\u00e4ngida just v\u00f5imalikult realistlik tegutsemine patsiendi haavata saamisel, evakuatsioonil, sidumispunktis ja v\u00e4lihaiglas.<\/p>\n<p>\u00abAjateenijad, kes on eelnevalt l\u00e4binud parameediku erialakursuse ning meditsiinir\u00fchma v\u00f5i -kompanii all\u00fcksuse kursuse, said v\u00f5imaluse \u00fchtse meeskonnana teha koost\u00f6\u00f6d reserv- ja tegevv\u00e4elastest arstide ja \u00f5dedega,\u00bb selgitas kapten Voomets. \u00abReservmeedikutele oli \u00f5ppus hea v\u00f5imalus harjutada traumahaigete k\u00e4sitlust piiratud ressursside tingimustes tavap\u00e4rasest erinevas keskkonnas ja meeskonnas.\u00bb<\/p>\n<p>Tegevv\u00e4elastest meedikutele oli Varblaser\u00fcnnak oluline \u00f5ppus, et t\u00e4iendada oma oskusi ning olla veelgi paremini valmis oma s\u00f5jaaja \u00fclesannete t\u00e4itmiseks.<\/p>\n<p>\u00d5ppuritele realistlikuma kogemuse andmiseks grimeeriti vigastatutele t\u00f5etruud haavad ning nad riietati vanadesse vormidesse, mille meedikud said kannatanule abiandmisel lahti l\u00f5igata. Lisaks osalesid haavatutena ja jagasid oma kogemusi kaitsev\u00e4e missioonil haavata saanud veteranid.<\/p>\n<p>\u00d5ppusel osales \u00fcle 160 ajateenija, tegevv\u00e4elase, reservv\u00e4elase ning Ameerika \u00dchendriikide meditsiini\u00fcksuse meediku. Eestist olid esindatud Kaitseliidu J\u00e4rva, Tartu ja Tallinna malev, 1. jalav\u00e4ebrigaadi lahinguteeninduspataljon, 2. jalav\u00e4ebrigaadi staabi- ja sidekompanii ning toetusev\u00e4ejuhatus.<\/p>\n<p>Kaitsev\u00e4e akadeemia koosseisu kuuluva s\u00f5ja- ja katastroofimeditsiinikes\u00adkuse \u00fclesanne on viia l\u00e4bi kaitsev\u00e4elaste, reservmeedikute ja meditsiini\u00fcli\u00f5pilaste s\u00f5ja- ja katastroofimeditsiini v\u00e4lja\u00f5pet. Lisaks vastutab keskus Eestis ka s\u00f5ja- ja katastroofimeditsiini valdkonna teadus- ja arendustegevuse eest.<\/p>\n<p>Allikas: kaitsev\u00e4gi<\/p>\n","protected":false},"excerpt":{"rendered":"K\u00fcsimusele, miks oli ta viimasel \u00f5ppusel autojuht, vastas Hiiem\u00e4e, et vanus on juba sealmaal, et eesliinil v\u00f5ib ta&hellip;\n","protected":false},"author":2,"featured_media":145866,"comment_status":"","ping_status":"","sticky":false,"template":"","format":"standard","meta":{"footnotes":"","_share_on_mastodon":"0"},"categories":[12],"tags":[26,27,37,33,35,34,36,31,32,21,68139,8168,68140,28,29,68142,19,8169,29647,25,10895,23,24,22,20,68141,30],"class_list":["post-145865","post","type-post","status-publish","format-standard","has-post-thumbnail","category-eesti","tag-breaking-news","tag-breakingnews","tag-ee","tag-eesti","tag-eesti-keel","tag-estonia","tag-estonian","tag-featured-news","tag-featurednews","tag-headlines","tag-jarva-malev","tag-kaitseliit","tag-kaitsevae-meditsiiniuksused","tag-latest-news","tag-latestnews","tag-meditsiinioppus","tag-news","tag-oppus","tag-paide-uksikkompanii","tag-populaarseimad-lood","tag-soja-ja-katastroofimeditsiinikeskus","tag-top-stories","tag-topstories","tag-uldised-uudised","tag-uudised","tag-varblaserunnak","tag-viimased-uudised"],"share_on_mastodon":{"url":"https:\/\/pubeurope.com\/@ee\/116346921175825080","error":""},"_links":{"self":[{"href":"https:\/\/www.europesays.com\/ee\/wp-json\/wp\/v2\/posts\/145865","targetHints":{"allow":["GET"]}}],"collection":[{"href":"https:\/\/www.europesays.com\/ee\/wp-json\/wp\/v2\/posts"}],"about":[{"href":"https:\/\/www.europesays.com\/ee\/wp-json\/wp\/v2\/types\/post"}],"author":[{"embeddable":true,"href":"https:\/\/www.europesays.com\/ee\/wp-json\/wp\/v2\/users\/2"}],"replies":[{"embeddable":true,"href":"https:\/\/www.europesays.com\/ee\/wp-json\/wp\/v2\/comments?post=145865"}],"version-history":[{"count":0,"href":"https:\/\/www.europesays.com\/ee\/wp-json\/wp\/v2\/posts\/145865\/revisions"}],"wp:featuredmedia":[{"embeddable":true,"href":"https:\/\/www.europesays.com\/ee\/wp-json\/wp\/v2\/media\/145866"}],"wp:attachment":[{"href":"https:\/\/www.europesays.com\/ee\/wp-json\/wp\/v2\/media?parent=145865"}],"wp:term":[{"taxonomy":"category","embeddable":true,"href":"https:\/\/www.europesays.com\/ee\/wp-json\/wp\/v2\/categories?post=145865"},{"taxonomy":"post_tag","embeddable":true,"href":"https:\/\/www.europesays.com\/ee\/wp-json\/wp\/v2\/tags?post=145865"}],"curies":[{"name":"wp","href":"https:\/\/api.w.org\/{rel}","templated":true}]}}