{"id":145867,"date":"2026-04-04T14:31:13","date_gmt":"2026-04-04T14:31:13","guid":{"rendered":"https:\/\/www.europesays.com\/ee\/145867\/"},"modified":"2026-04-04T14:31:13","modified_gmt":"2026-04-04T14:31:13","slug":"19-aastane-cooper-flagg-tegi-nba-s-ajalugu","status":"publish","type":"post","link":"https:\/\/www.europesays.com\/ee\/145867\/","title":{"rendered":"19-aastane Cooper Flagg tegi NBA-s ajalugu"},"content":{"rendered":"<p>Dallas oli neli minutit enne kohtumise l\u00f5ppu 17-punktilises kaotusseisus ning treener v\u00f5ttis selleks hetkeks 45 punkti visanud Flaggi viivuks puhkama. Publiku pahameelepuhangu j\u00e4rel p\u00e4\u00e4ses 19 aasta ja 103 p\u00e4eva vanune korvpallur taas v\u00e4ljakule ning tema arvele j\u00e4i l\u00f5puks 51 punkti (visked m\u00e4ngust 19\/30 ja vabaviskejoonelt 7\/7). Dallas kaotas kohtumise Orlando Magicule 127:138.<\/p>\n<p>Alates 2009. aastast hoidis rekordit enda nimel Brandon Jennings, kes 20 aasta ja 52 p\u00e4eva vanuselt viskas Milwaukee s\u00e4rgis 55 punkti. Enne teda kuulus tippmark LeBron Jamesile.<\/p>\n<p>Liiga ajaloos on 50 punktini j\u00f5udnud \u00fcheksa uustulnukat: Flagg, Jennings, Kareem Abdul-Jabbar, Rick Barry, Elgin Baylor, Wilt Chamberlain, Elvin Hayes, Allen Iverson ja Earl Monroe.<\/p>\n<p>\u201eMulle meeldib v\u00f5ita ja see on minu peamine eesm\u00e4rk. Raske on korvpalli nautida, kui oleme suurema osa m\u00e4ngust 20, 15 v\u00f5i 10 punktiga taga,\u201c t\u00f5des viimases veerandis 24 punkti visanud Flagg, et rekordi enda nimele saamine teda \u00fcli\u00f5nnelikuks ei teinud.<\/p>\n<p>NBA p\u00f5hihooaeg on j\u00f5udnud l\u00f5pusirgele, idakonverentsi parim on t\u00e4navu Detroit Pistons ja l\u00e4\u00e4nes v\u00f5tab esikoha t\u00f5en\u00e4oliselt Oklahoma City Thunder. Dallas Mavericks on l\u00e4\u00e4nekonverentsis 24 v\u00f5idu ja 53 kaotusega 13. kohal ning nad play-off\u2019i ei p\u00e4\u00e4se.<\/p>\n<p>Kuidas see lugu Sind end tundma pani? Saada <a href=\"https:\/\/sport.delfi.ee\/a\/120565497\/19-aastane-cooper-flagg-tegi-nba-s-ajalugu\/kommentaarid\" class=\"article-body-bottom__comment article-body-bottom__comment--write button button--primary button--size-auto\" rel=\"nofollow noopener\" target=\"_blank\"> Kommenteeri <\/a><a href=\"https:\/\/sport.delfi.ee\/a\/120565497\/19-aastane-cooper-flagg-tegi-nba-s-ajalugu\/kommentaarid\" class=\"article-body-bottom__comment article-body-bottom__comment--read button button--size-auto\" rel=\"nofollow noopener\" target=\"_blank\"> Loe kommentaare (1)<\/a><\/p>\n","protected":false},"excerpt":{"rendered":"Dallas oli neli minutit enne kohtumise l\u00f5ppu 17-punktilises kaotusseisus ning treener v\u00f5ttis selleks hetkeks 45 punkti visanud Flaggi&hellip;\n","protected":false},"author":2,"featured_media":145868,"comment_status":"","ping_status":"","sticky":false,"template":"","format":"standard","meta":{"footnotes":"","_share_on_mastodon":"0"},"categories":[5],"tags":[26,27,11321,37,33,35,34,36,31,32,21,28,29,19,25,23,24,22,20,30],"class_list":["post-145867","post","type-post","status-publish","format-standard","has-post-thumbnail","category-uldised-uudised","tag-breaking-news","tag-breakingnews","tag-cooper-flagg","tag-ee","tag-eesti","tag-eesti-keel","tag-estonia","tag-estonian","tag-featured-news","tag-featurednews","tag-headlines","tag-latest-news","tag-latestnews","tag-news","tag-populaarseimad-lood","tag-top-stories","tag-topstories","tag-uldised-uudised","tag-uudised","tag-viimased-uudised"],"share_on_mastodon":{"url":"https:\/\/pubeurope.com\/@ee\/116346924758044841","error":""},"_links":{"self":[{"href":"https:\/\/www.europesays.com\/ee\/wp-json\/wp\/v2\/posts\/145867","targetHints":{"allow":["GET"]}}],"collection":[{"href":"https:\/\/www.europesays.com\/ee\/wp-json\/wp\/v2\/posts"}],"about":[{"href":"https:\/\/www.europesays.com\/ee\/wp-json\/wp\/v2\/types\/post"}],"author":[{"embeddable":true,"href":"https:\/\/www.europesays.com\/ee\/wp-json\/wp\/v2\/users\/2"}],"replies":[{"embeddable":true,"href":"https:\/\/www.europesays.com\/ee\/wp-json\/wp\/v2\/comments?post=145867"}],"version-history":[{"count":0,"href":"https:\/\/www.europesays.com\/ee\/wp-json\/wp\/v2\/posts\/145867\/revisions"}],"wp:featuredmedia":[{"embeddable":true,"href":"https:\/\/www.europesays.com\/ee\/wp-json\/wp\/v2\/media\/145868"}],"wp:attachment":[{"href":"https:\/\/www.europesays.com\/ee\/wp-json\/wp\/v2\/media?parent=145867"}],"wp:term":[{"taxonomy":"category","embeddable":true,"href":"https:\/\/www.europesays.com\/ee\/wp-json\/wp\/v2\/categories?post=145867"},{"taxonomy":"post_tag","embeddable":true,"href":"https:\/\/www.europesays.com\/ee\/wp-json\/wp\/v2\/tags?post=145867"}],"curies":[{"name":"wp","href":"https:\/\/api.w.org\/{rel}","templated":true}]}}