{"id":146062,"date":"2026-04-04T19:08:08","date_gmt":"2026-04-04T19:08:08","guid":{"rendered":"https:\/\/www.europesays.com\/ee\/146062\/"},"modified":"2026-04-04T19:08:08","modified_gmt":"2026-04-04T19:08:08","slug":"sundimuse-kriis-eestis-erakonnad-pakuvad-erinevaid-lahendusi-kuid-uhine-eesmark-on-uks-rohkem-lapsi","status":"publish","type":"post","link":"https:\/\/www.europesays.com\/ee\/146062\/","title":{"rendered":"S\u00fcndimuse kriis Eestis: erakonnad pakuvad erinevaid lahendusi, kuid \u00fchine eesm\u00e4rk on \u00fcks \u2013 rohkem lapsi"},"content":{"rendered":"<p>Eesti erakonnad valmistuvad aktiivselt valimisteks ning \u00fcheks keskseks teemaks on muutunud negatiivse iibe peatamine ja s\u00fcndimuse kasvule p\u00f6\u00f6ramine. Kuigi eesm\u00e4rk on k\u00f5igil sama, l\u00e4hevad arvamused lahku selles, kuidas selleni j\u00f5uda. Arutelud keskenduvad peamiselt toetuste s\u00fcsteemi muutmisele, noorte perede kindlustunde suurendamisele ning eluaseme k\u00e4ttesaadavuse parandamisele.<\/p>\n<p><a target=\"_blank\" rel=\"noreferrer noopener nofollow\" href=\"https:\/\/reform.ee?utm_source=chatgpt.com\">Reformierakond<\/a> ja <a target=\"_blank\" rel=\"noreferrer noopener nofollow\" href=\"https:\/\/www.sotsid.ee?utm_source=chatgpt.com\">Sotsiaaldemokraatlik Erakond<\/a> n\u00e4evad lahendust eelk\u00f5ige toetuste s\u00fcsteemi uuendamises. Reformierakonna esindaja Signe Riisalo s\u00f5nul on plaanis lisada valimisprogrammi mitmeid meetmeid, millest \u00fcks olulisemaid on vanemah\u00fcvitise kaasajastamine. Eriti soovitakse toetada noori, alla 28-aastaseid esmakordseid lapsevanemaid, kellele pakutakse suuremat h\u00fcvitist.<\/p>\n<p>Lisaks sellele soovib Reformierakond siduda vanemah\u00fcvitise suuruse elukalliduse kasvuga, et toetused ei kaotaks ajas oma v\u00e4\u00e4rtust. Uue ideena n\u00e4hakse ka v\u00f5imalust, et vanemah\u00fcvitist v\u00f5iksid saada vanavanemad, kui nad j\u00e4\u00e4vad laste eest hoolitsema. Riisalo r\u00f5hutas, et vanemah\u00fcvitis on ajalooliselt olnud \u00fcks t\u00f5husamaid meetmeid s\u00fcndimuse suurendamisel ning selle ajakohastamine on loogiline samm.<\/p>\n<p>Samas leiab <a target=\"_blank\" rel=\"noreferrer noopener nofollow\" href=\"https:\/\/keskerakond.ee?utm_source=chatgpt.com\">Keskerakond<\/a>, et ainult toetuste suurendamisest ei piisa. Jana Toom r\u00f5hutab, et noorte perede otsused ei s\u00fcnni pelgalt rahaliste stiimulite p\u00f5hjal. Tema hinnangul on v\u00f5tmet\u00e4htsusega laiem kindlustunne \u2013 alates stabiilsest t\u00f6\u00f6keskkonnast kuni elamispinna k\u00e4ttesaadavuseni. Toomi s\u00f5nul ei saa lapsi s\u00fcnnitada pelgalt patriotismist, vaid vaja on terviklikku ja usaldusv\u00e4\u00e4rset s\u00fcsteemi, mis toetab peresid igap\u00e4evaelus.<\/p>\n<p>Sarnast seisukohta jagab ka <a target=\"_blank\" rel=\"noreferrer noopener nofollow\" href=\"https:\/\/isamaa.ee?utm_source=chatgpt.com\">Isamaa<\/a>. Erakonna esindaja Gerli Lehe toob esile, et noorte perede jaoks on k\u00f5ige olulisem oma kodu olemasolu. Tema s\u00f5nul v\u00f5iks riik v\u00f5i kohalik omavalitsus aidata n\u00e4iteks kodu sissemakse tegemisel, mis annaks peredele vajaliku stabiilsuse. Lisaks r\u00f5hutab ta, et toetused peavad olema osa laiemast paketist, mis arvestab nii elukallidust kui ka teenuste k\u00e4ttesaadavust.<\/p>\n<p>Sotsiaaldemokraatide esindaja Riina Sikkut n\u00e4eb lahendusena nii eluasemepoliitika arendamist kui ka toetuste \u00f5iglasemat jaotamist. Tema hinnangul v\u00f5iks riik panustada \u00fc\u00fcrimajade ehitamisse, et noortel oleks lihtsam iseseisvat elu alustada. Samuti leiab ta, et praegune toetuste s\u00fcsteem ei ole \u00f5iglane \u2013 esimese ja teise lapse toetus on madalam kui kolmanda oma ning see tekitab paljudes peredes rahulolematust.<\/p>\n<p>Sikkuti s\u00f5nul tuleks toetused muuta vajadusp\u00f5hisemaks ning v\u00f5imalusel ka suurendada, eriti arvestades, et suurim vaesusrisk on \u00fcksikvanematel. Ta r\u00f5hutab, et otsuseid tuleb teha andmetele tuginedes, et tagada t\u00f5eline m\u00f5ju perede toimetulekule.<\/p>\n<p>Kokkuv\u00f5ttes on selge, et kuigi erakonnad pakuvad erinevaid lahendusi, on probleem \u00fchine ja s\u00fcgav. K\u00fcsimus ei ole ainult rahas, vaid ka turvatundes, elukeskkonnas ja tulevikuv\u00e4ljavaadetes. Eesti s\u00fcndimuse t\u00f5stmine n\u00f5uab terviklikku l\u00e4henemist \u2013 ning just see saab olema \u00fcks valimiste keskseid teemasid.<br \/>Loe teisi uudiseid\u00a0<a href=\"https:\/\/minuaeg.com\/uudised\/\" rel=\"nofollow noopener\" target=\"_blank\">SIIT<\/a><\/p>\n<p>\n\tRelated\n<\/p>\n<p>\t\tPost navigation<\/p>\n","protected":false},"excerpt":{"rendered":"Eesti erakonnad valmistuvad aktiivselt valimisteks ning \u00fcheks keskseks teemaks on muutunud negatiivse iibe peatamine ja s\u00fcndimuse kasvule p\u00f6\u00f6ramine.&hellip;\n","protected":false},"author":2,"featured_media":146063,"comment_status":"","ping_status":"","sticky":false,"template":"","format":"standard","meta":{"footnotes":"","_share_on_mastodon":"0"},"categories":[12],"tags":[26,27,37,33,35,34,36,31,32,21,4017,28,29,19,25,23,24,22,20,30],"class_list":["post-146062","post","type-post","status-publish","format-standard","has-post-thumbnail","category-eesti","tag-breaking-news","tag-breakingnews","tag-ee","tag-eesti","tag-eesti-keel","tag-estonia","tag-estonian","tag-featured-news","tag-featurednews","tag-headlines","tag-laps","tag-latest-news","tag-latestnews","tag-news","tag-populaarseimad-lood","tag-top-stories","tag-topstories","tag-uldised-uudised","tag-uudised","tag-viimased-uudised"],"share_on_mastodon":{"url":"https:\/\/pubeurope.com\/@ee\/116348014099251681","error":""},"_links":{"self":[{"href":"https:\/\/www.europesays.com\/ee\/wp-json\/wp\/v2\/posts\/146062","targetHints":{"allow":["GET"]}}],"collection":[{"href":"https:\/\/www.europesays.com\/ee\/wp-json\/wp\/v2\/posts"}],"about":[{"href":"https:\/\/www.europesays.com\/ee\/wp-json\/wp\/v2\/types\/post"}],"author":[{"embeddable":true,"href":"https:\/\/www.europesays.com\/ee\/wp-json\/wp\/v2\/users\/2"}],"replies":[{"embeddable":true,"href":"https:\/\/www.europesays.com\/ee\/wp-json\/wp\/v2\/comments?post=146062"}],"version-history":[{"count":0,"href":"https:\/\/www.europesays.com\/ee\/wp-json\/wp\/v2\/posts\/146062\/revisions"}],"wp:featuredmedia":[{"embeddable":true,"href":"https:\/\/www.europesays.com\/ee\/wp-json\/wp\/v2\/media\/146063"}],"wp:attachment":[{"href":"https:\/\/www.europesays.com\/ee\/wp-json\/wp\/v2\/media?parent=146062"}],"wp:term":[{"taxonomy":"category","embeddable":true,"href":"https:\/\/www.europesays.com\/ee\/wp-json\/wp\/v2\/categories?post=146062"},{"taxonomy":"post_tag","embeddable":true,"href":"https:\/\/www.europesays.com\/ee\/wp-json\/wp\/v2\/tags?post=146062"}],"curies":[{"name":"wp","href":"https:\/\/api.w.org\/{rel}","templated":true}]}}