{"id":146083,"date":"2026-04-04T19:48:15","date_gmt":"2026-04-04T19:48:15","guid":{"rendered":"https:\/\/www.europesays.com\/ee\/146083\/"},"modified":"2026-04-04T19:48:15","modified_gmt":"2026-04-04T19:48:15","slug":"video-ja-fotod-kibe-konkurents-brigitte-susanne-hunt-jai-parnus-toimuval-fitnessivoistlusel-finaalist-valja-kroonika","status":"publish","type":"post","link":"https:\/\/www.europesays.com\/ee\/146083\/","title":{"rendered":"VIDEO JA FOTOD | Kibe konkurents. Brigitte Susanne Hunt j\u00e4i P\u00e4rnus toimuval fitnessiv\u00f5istlusel finaalist v\u00e4lja &#8211; Kroonika"},"content":{"rendered":"<ol>\n<li><a href=\"https:\/\/news.google.com\/rss\/articles\/CBMiygFBVV95cUxOUVNhb24tZ05wa1RwQkVzVnFkSmMtX3VNVVdGQ2taa1ZYMkc2aFZmTG1zamRrTnQyV1o2Mk1PeEVKamtDOXVYM0hBaEdrd0dzNGdQMEVLOUFmUXpaTTZNMmkxY1NSdTdYaUJPTzJ0RVRuRjZyc0dlTDRWVjQ3WmQxRFR6ejRYZjFiWVR0SFAySFh5NW44NVh6c0Q2N01wVHRmekxtQ3FqZVctTnl5OVgxSzRMbHE3eldSVURQM0czOVlxSVNUUkVHYXdB?oc=5\" target=\"_blank\" rel=\"nofollow noopener\">VIDEO JA FOTOD | Kibe konkurents. Brigitte Susanne Hunt j\u00e4i P\u00e4rnus toimuval fitnessiv\u00f5istlusel finaalist v\u00e4lja<\/a>&nbsp;&nbsp;Kroonika<\/li>\n<li><a href=\"https:\/\/news.google.com\/rss\/articles\/CBMi0gFBVV95cUxQT2tvUjNlb3pqZUFvZzhjcGlHSnQ0b1VUN0NyT3ppaklJSHY5LUU0Z0Z2NlB6YV9Bb0JnWFppb2x4V0M4elRRX3FwZ3MtMmtnVmVBRk5LUmdLWjIxbHV1aWtxSDV1T1Bqa2xHMG51bVU3ei1ZSHZWTkVNclUxYkZvU25vLTZxWGVRakZ4bTJ3QWtnbkdmeDY5MTl4S0ktZmdPQmFnbWZFVTN0QmtoRkFrNjBWTlZQc2VLNWpTZUxUejJIZE5qV0pJRWZ5cUhueGd2dXc?oc=5\" target=\"_blank\" rel=\"nofollow noopener\">FOTO Brigitte Susanne Hunt astus P\u00e4rnus t\u00fcrkiissinises kleidis fitnessilavale, aga finaali ei p\u00e4\u00e4senud<\/a>&nbsp;&nbsp;Elu24<\/li>\n<li><a href=\"https:\/\/news.google.com\/rss\/articles\/CBMitgFBVV95cUxNUzFoUGVGcnJibFcwTHllS3ZGbjdwaUZ6ak9paFN3bFhTZjNybWt2SjJLX1ZYOHZxQzBrQlVneTVHM2ZaMU81dUM1eVdJTE0xX0NfS0tzWTNlc0taMzB1bkgtV0owOGZ4OU1ucG5Fb2dmNGdraExGZUcxSWFScmFacmk5NnZfRGdVWnBxOHY3WTFxdEVPcmhvRWRxTXNsSmtmZi1TZzE4dm1GWk1GRXBBeF81NkxMUQ?oc=5\" target=\"_blank\" rel=\"nofollow noopener\">FOTOUUDIS | ELAS KAASA! Brigitte poseeris fitnessiv\u00f5istlusel Severinase pilgu all<\/a>&nbsp;&nbsp;\u00d5htuleht<\/li>\n<li><a href=\"https:\/\/news.google.com\/rss\/articles\/CBMiuwFBVV95cUxOU0MyYW5BRVRselF2d1hLanpRbndqQnJDZm9CWklobmM4OUc4TmhrdU56NTk0ZUVwc2MwT0hpS0x3VTI4OTNVcmVtQU96bFFzbGpGTFJsMFRQRWxUWHF6WnItUkl3NWlYb3FMTWJOYkpvRlo4T1hIZFhMN0RLRFFoQVpqNmsyMzBBU29HRFktUzhka0FUYXJGVkpvaEhsV2VLdG10MG9uZU9qRDV6WWY5Y2JmZEhkMHA0Mkx3?oc=5\" target=\"_blank\" rel=\"nofollow noopener\">GALERII | TUGEV KONKURENTS! Tuntud kaunitarid j\u00e4id fitnessiv\u00f5istlusel finaalist v\u00e4lja<\/a>&nbsp;&nbsp;\u00d5htuleht<\/li>\n<li><a href=\"https:\/\/news.google.com\/rss\/articles\/CBMizwFBVV95cUxQWFBSSmY3SUpoMjB5Zzl6cjRFWUZGdzByRWF1WmZROGlFU0h2WlZGLVc3WEdGRmp6STJWNGxvRmlYWTRmbVZZNGNpSkhCbkdzLXI3LVN1Zk41dTQ5RWh6VUJQRzFtRWlmX2w0TXp5b043RjNQRmFzb3l1UjJXdG1PRXhWUWhiMzBwalNvc0k1UVhOdjhocXVId3cxZUVFclpKcFBockZQdEpfemJoUzhwRkxRWWVFN1FndE8xOWJmYVJROENNMm1VenNxUk1LR0k?oc=5\" target=\"_blank\" rel=\"nofollow noopener\">KL\u00d5PS | Brigitte Susanne Hundile elas P\u00e4rnus fitnessiv\u00f5istlusel kaasa Severinas Jakubauskas<\/a>&nbsp;&nbsp;Kroonika<\/li>\n<\/ol>\n","protected":false},"excerpt":{"rendered":"VIDEO JA FOTOD | Kibe konkurents. Brigitte Susanne Hunt j\u00e4i P\u00e4rnus toimuval fitnessiv\u00f5istlusel finaalist v\u00e4lja&nbsp;&nbsp;Kroonika FOTO Brigitte Susanne&hellip;\n","protected":false},"author":2,"featured_media":146084,"comment_status":"","ping_status":"","sticky":false,"template":"","format":"standard","meta":{"footnotes":"","_share_on_mastodon":"0"},"categories":[16],"tags":[967,14765,37,33,35,173,34,36,774,140],"class_list":["post-146083","post","type-post","status-publish","format-standard","has-post-thumbnail","category-meelelahutus","tag-brigitte-susanne-hunt","tag-diana-teniste","tag-ee","tag-eesti","tag-eesti-keel","tag-entertainment","tag-estonia","tag-estonian","tag-ingrid-mand","tag-meelelahutus"],"share_on_mastodon":{"url":"https:\/\/pubeurope.com\/@ee\/116348171263423242","error":""},"_links":{"self":[{"href":"https:\/\/www.europesays.com\/ee\/wp-json\/wp\/v2\/posts\/146083","targetHints":{"allow":["GET"]}}],"collection":[{"href":"https:\/\/www.europesays.com\/ee\/wp-json\/wp\/v2\/posts"}],"about":[{"href":"https:\/\/www.europesays.com\/ee\/wp-json\/wp\/v2\/types\/post"}],"author":[{"embeddable":true,"href":"https:\/\/www.europesays.com\/ee\/wp-json\/wp\/v2\/users\/2"}],"replies":[{"embeddable":true,"href":"https:\/\/www.europesays.com\/ee\/wp-json\/wp\/v2\/comments?post=146083"}],"version-history":[{"count":0,"href":"https:\/\/www.europesays.com\/ee\/wp-json\/wp\/v2\/posts\/146083\/revisions"}],"wp:featuredmedia":[{"embeddable":true,"href":"https:\/\/www.europesays.com\/ee\/wp-json\/wp\/v2\/media\/146084"}],"wp:attachment":[{"href":"https:\/\/www.europesays.com\/ee\/wp-json\/wp\/v2\/media?parent=146083"}],"wp:term":[{"taxonomy":"category","embeddable":true,"href":"https:\/\/www.europesays.com\/ee\/wp-json\/wp\/v2\/categories?post=146083"},{"taxonomy":"post_tag","embeddable":true,"href":"https:\/\/www.europesays.com\/ee\/wp-json\/wp\/v2\/tags?post=146083"}],"curies":[{"name":"wp","href":"https:\/\/api.w.org\/{rel}","templated":true}]}}