{"id":146088,"date":"2026-04-04T20:02:19","date_gmt":"2026-04-04T20:02:19","guid":{"rendered":"https:\/\/www.europesays.com\/ee\/146088\/"},"modified":"2026-04-04T20:02:19","modified_gmt":"2026-04-04T20:02:19","slug":"kui-ma-tipptegijaid-ei-edesta-olen-tige","status":"publish","type":"post","link":"https:\/\/www.europesays.com\/ee\/146088\/","title":{"rendered":"kui ma tipptegijaid ei edesta, olen tige"},"content":{"rendered":"<p>Monte Carlos \u00fcllatas ta k\u00f5iki, olles esimese p\u00e4eva l\u00f5pus \u00fcldarvestuses kolmas. Ta hoidis kuuendat kohtakuni eelviimase katseni, kus l\u00f5hkus autot ja pidi katkestama. Seej\u00e4rel l\u00f5petas ta Rootsis 8. ning Keenia ralli 15. kohal.<\/p>\n<p>Armstrong pole kiiruskatsetel olnud \u00fcks aeglasemaid Rally1-autoga s\u00f5itjaid. Vastupidi, mitmetel kordadel on ta suutnud pidada sammu Hyundaidega. See, et ta ei rahuldu enam lihtsalt fini\u0161isse j\u00f5udmisega, n\u00e4itab tema ambitsioone ja kindlat tahtej\u00f5udu.<\/p>\n<p>\u00abMa olen p\u00e4ris tige, kui ma neid t\u00fc\u00fcpe ei edesta,\u00bb s\u00f5nas Armstrong DirtFishile antud intervjuus. \u00abSee on hea m\u00e4rk. Tahan kogu aeg teada, kuidas nendele l\u00e4hemale j\u00f5uda. V\u00e4ljakutse on suur, sest k\u00f5ik on maailma parimad. M\u00f5nikord oleme v\u00e4ga l\u00e4hedal, m\u00f5nikord veidi tagapool, mis on t\u00e4iesti normaalne. Me lihtsalt j\u00e4tkame pingutamist, et aina l\u00e4hemale j\u00f5uda.\u00bb<\/p>\n<p>M-Sport ei saanud eelmisel hooajal asfaltrallidel head tulemust: Josh McErlean katkestas nii Kanaari saarte kui ka Jaapani rallil, ka Gr\u00e9goire Munsteril ei l\u00e4inud nendel rallidel just k\u00f5ige paremini. Armstrong p\u00fcsib optimistlikuna, arvestades, et ta on Horvaatia ralli eelnevalt v\u00f5itnud. Toona kuulus see veel EM-sarja kalendrisse. Keenia ralli l\u00e4bimine andis talle samuti energiat ja motivatsiooni edasi pingutada.<\/p>\n<p>\u00abSelles m\u00e4ngus peab olema v\u00e4ga sihikindel,\u00bb lisas Armstrong. \u00abPraegu pole me eesotsas, aga n\u00e4en lootustandvaid m\u00e4rke. Peame suutma j\u00e4rjepidevalt tulemust teha. Hetkel on raske, kuid rasked p\u00e4evad kuuluvadki ralli juurde. Olen kindel, et head p\u00e4evad tulevad.\u00bb<\/p>\n<p>Horvaatia ralli algab neljap\u00e4eval, 9. aprillil testikatsega. Kokku s\u00f5idetakse 20 kiiruskatset kogupikkusega umbes 300 kilomeetrit.<\/p>\n","protected":false},"excerpt":{"rendered":"Monte Carlos \u00fcllatas ta k\u00f5iki, olles esimese p\u00e4eva l\u00f5pus \u00fcldarvestuses kolmas. Ta hoidis kuuendat kohtakuni eelviimase katseni, kus&hellip;\n","protected":false},"author":2,"featured_media":146089,"comment_status":"","ping_status":"","sticky":false,"template":"","format":"standard","meta":{"footnotes":"","_share_on_mastodon":"0"},"categories":[80],"tags":[26,27,37,33,35,34,36,31,32,21,31987,31766,7490,28,29,95,19,25,23,24,22,20,30,92,93,94],"class_list":["post-146088","post","type-post","status-publish","format-standard","has-post-thumbnail","category-maailm","tag-breaking-news","tag-breakingnews","tag-ee","tag-eesti","tag-eesti-keel","tag-estonia","tag-estonian","tag-featured-news","tag-featurednews","tag-headlines","tag-horvaatia-mm-ralli","tag-horvaatia-ralli","tag-jon-armstrong","tag-latest-news","tag-latestnews","tag-maailm","tag-news","tag-populaarseimad-lood","tag-top-stories","tag-topstories","tag-uldised-uudised","tag-uudised","tag-viimased-uudised","tag-world","tag-world-news","tag-worldnews"],"share_on_mastodon":{"url":"https:\/\/pubeurope.com\/@ee\/116348226297432576","error":""},"_links":{"self":[{"href":"https:\/\/www.europesays.com\/ee\/wp-json\/wp\/v2\/posts\/146088","targetHints":{"allow":["GET"]}}],"collection":[{"href":"https:\/\/www.europesays.com\/ee\/wp-json\/wp\/v2\/posts"}],"about":[{"href":"https:\/\/www.europesays.com\/ee\/wp-json\/wp\/v2\/types\/post"}],"author":[{"embeddable":true,"href":"https:\/\/www.europesays.com\/ee\/wp-json\/wp\/v2\/users\/2"}],"replies":[{"embeddable":true,"href":"https:\/\/www.europesays.com\/ee\/wp-json\/wp\/v2\/comments?post=146088"}],"version-history":[{"count":0,"href":"https:\/\/www.europesays.com\/ee\/wp-json\/wp\/v2\/posts\/146088\/revisions"}],"wp:featuredmedia":[{"embeddable":true,"href":"https:\/\/www.europesays.com\/ee\/wp-json\/wp\/v2\/media\/146089"}],"wp:attachment":[{"href":"https:\/\/www.europesays.com\/ee\/wp-json\/wp\/v2\/media?parent=146088"}],"wp:term":[{"taxonomy":"category","embeddable":true,"href":"https:\/\/www.europesays.com\/ee\/wp-json\/wp\/v2\/categories?post=146088"},{"taxonomy":"post_tag","embeddable":true,"href":"https:\/\/www.europesays.com\/ee\/wp-json\/wp\/v2\/tags?post=146088"}],"curies":[{"name":"wp","href":"https:\/\/api.w.org\/{rel}","templated":true}]}}