{"id":146139,"date":"2026-04-04T22:12:07","date_gmt":"2026-04-04T22:12:07","guid":{"rendered":"https:\/\/www.europesays.com\/ee\/146139\/"},"modified":"2026-04-04T22:12:07","modified_gmt":"2026-04-04T22:12:07","slug":"de-gea-keeras-ukse-lukku-tuliseks-kiskunud-sargivahetus-loppes-kahe-punasega-soccernet-ee","status":"publish","type":"post","link":"https:\/\/www.europesays.com\/ee\/146139\/","title":{"rendered":"De Gea keeras ukse lukku, tuliseks kiskunud s\u00e4rgivahetus l\u00f5ppes kahe punasega &#8211; Soccernet.ee"},"content":{"rendered":"<p><img decoding=\"async\" src=\"https:\/\/www.europesays.com\/ee\/wp-content\/uploads\/2026\/04\/1748691136.jpg\" alt=\"David de Gea hoidis v\u00e4rava puhtana. Foto: Scanpix \/ Fabrizio Bertani \/ ZUMA Press Wire\"\/>&#13;\n<\/p>\n<p>Serie A-s tegi suure h\u00fcppe p\u00fcsimaj\u00e4\u00e4mise suunas Fiorentina, valades 1:0 v\u00f5iduga \u00fchtlasi panget\u00e4ie k\u00fclma vett Hellas Verona p\u00e4\u00e4semislootustele.<\/p>\n<p>K\u00fclalised Firenzest tabasid juba avaminutitel latti, kuid sellele j\u00e4rgnes legendaarse David de Gea meistriklass. 35-aastane hispaanlane t\u00f5rjus \u00fche v\u00f5\u00f5rustajate l\u00f6\u00f6gi teise j\u00e4rel, kuniks Fiorentina 82. minutil ise n\u00f5elas. Nicolo Fagioli s\u00e4ttis palli postip\u00f5rkest Hellas Verona v\u00e4ravasse ja viis k\u00fclalised ette, kusjuures see j\u00e4igi kogu m\u00e4ngu jooksul nende ainsaks raamide vahele l\u00e4inud pealel\u00f6\u00f6giks.&#13;\n<\/p>\n<p>M\u00f5lemad meeskonnad l\u00f5petasid m\u00e4ngu k\u00fcmnekesi, sest paar minutit p\u00e4rast v\u00e4ravat teenis kodumeeskond karistusl\u00f6\u00f6gi. Veel enne seda, kui pall j\u00f5uti m\u00e4ngu panna, l\u00e4ksid Verona poolkaitsja Toma\u0161 Suslov ja Fiorentina r\u00fcndaja Albert Gudmundsson positsiooni p\u00e4rast v\u00f5ideldes nii vihaselt k\u00e4ttpidi kokku, et peakohtunik Marco Guida saatis m\u00f5lemad punase kaardiga platsilt minema. V\u00f5it kasvatas Fiorentina ja v\u00e4ljalangemistsooni vahe viiepunktiliseks, Hellas Verona langes aga viimaseks ja nende p\u00fcsimaj\u00e4\u00e4mislootus muutub aina teoreetilisemaks.&#13;\n<\/p>\n<blockquote class=\"twitter-tweet\"><p>&#13;<\/p>\n<p lang=\"it\" dir=\"ltr\">\ud83c\udf2a\ufe0fMani in faccia e maglie strappate: rissa furiosa in <a href=\"https:\/\/twitter.com\/hashtag\/VeronaFiorentina?src=hash&amp;ref_src=twsrc%5Etfw\" rel=\"nofollow noopener\" target=\"_blank\">#VeronaFiorentina<\/a> tra <a href=\"https:\/\/twitter.com\/hashtag\/Suslov?src=hash&amp;ref_src=twsrc%5Etfw\" rel=\"nofollow noopener\" target=\"_blank\">#Suslov<\/a> e <a href=\"https:\/\/twitter.com\/hashtag\/Gudmundsson?src=hash&amp;ref_src=twsrc%5Etfw\" rel=\"nofollow noopener\" target=\"_blank\">#Gudmundsson<\/a>, le immagini <a href=\"https:\/\/t.co\/pH1V25rdGN\" rel=\"nofollow\">https:\/\/t.co\/pH1V25rdGN<\/a>&#13;<br \/>\n\u2014 Corriere dello Sport (@CorSport) <a href=\"https:\/\/twitter.com\/CorSport\/status\/2040489898004693187?ref_src=twsrc%5Etfw\" rel=\"nofollow noopener\" target=\"_blank\">April 4, 2026<\/a><\/p>\n<\/blockquote>\n<p>Taas on v\u00e4ljalangemisheitlusesse kistud ka Ragnar Klavani kunagine t\u00f6\u00f6andja Cagliari. Jaanuari l\u00f5pus oli Sardiinia klubi tabeliseis veel igati lubav, sest p\u00fcsiti esik\u00fcmne kannul, ent seej\u00e4rel on kaheksast m\u00e4ngust nopitud vaid kaks viigipunkti. V\u00f5\u00f5rsil mindi Sebastiano Esposito penaltist Sassuolo vastu juhtima, aga Ulisses Garcia viigistas kohe teise poolaja algul ja Andrea Pinamonti 78. minuti tabamus t\u00f5i v\u00f5idupunktid v\u00f5\u00f5rustajatele. Ohutsooni edestab Cagliari n\u00fc\u00fcd vaid kolme punktiga.&#13;\n<\/p>\n<p>Tabelikeskmike duellis k\u00e4rpis Parma veelgi Lazio lootust sel hooajal eurokohtadele t\u00f5usta. Enrico Del Prato avapoolaja tabamusele suutis Tijjani Noslin k\u00fcll vastata, aga rohkem v\u00e4ravaid Rooma Ol\u00fcmpiastaadionil ei n\u00e4htud ja 1:1 viik j\u00e4tab Lazio kolmest vahepealsest j\u00e4rjestikusest v\u00f5idust hoolimata esikuuikust endiselt k\u00fcmne punkti kaugusele.<\/p>\n<p>          <script async src=\"https:\/\/platform.twitter.com\/widgets.js\" charset=\"utf-8\"><\/script><\/p>\n","protected":false},"excerpt":{"rendered":"&#13; Serie A-s tegi suure h\u00fcppe p\u00fcsimaj\u00e4\u00e4mise suunas Fiorentina, valades 1:0 v\u00f5iduga \u00fchtlasi panget\u00e4ie k\u00fclma vett Hellas Verona&hellip;\n","protected":false},"author":2,"featured_media":146140,"comment_status":"","ping_status":"","sticky":false,"template":"","format":"standard","meta":{"footnotes":"","_share_on_mastodon":"0"},"categories":[18],"tags":[5152,37,33,35,34,36,1819,1147,109,1542,1821,1822,1082,159,158],"class_list":["post-146139","post","type-post","status-publish","format-standard","has-post-thumbnail","category-sport","tag-cagliari","tag-ee","tag-eesti","tag-eesti-keel","tag-estonia","tag-estonian","tag-fiorentina","tag-hellas-verona","tag-itaalia","tag-lazio","tag-parma","tag-sassuolo","tag-serie-a","tag-sport","tag-sports"],"share_on_mastodon":{"url":"https:\/\/pubeurope.com\/@ee\/116348737669919667","error":""},"_links":{"self":[{"href":"https:\/\/www.europesays.com\/ee\/wp-json\/wp\/v2\/posts\/146139","targetHints":{"allow":["GET"]}}],"collection":[{"href":"https:\/\/www.europesays.com\/ee\/wp-json\/wp\/v2\/posts"}],"about":[{"href":"https:\/\/www.europesays.com\/ee\/wp-json\/wp\/v2\/types\/post"}],"author":[{"embeddable":true,"href":"https:\/\/www.europesays.com\/ee\/wp-json\/wp\/v2\/users\/2"}],"replies":[{"embeddable":true,"href":"https:\/\/www.europesays.com\/ee\/wp-json\/wp\/v2\/comments?post=146139"}],"version-history":[{"count":0,"href":"https:\/\/www.europesays.com\/ee\/wp-json\/wp\/v2\/posts\/146139\/revisions"}],"wp:featuredmedia":[{"embeddable":true,"href":"https:\/\/www.europesays.com\/ee\/wp-json\/wp\/v2\/media\/146140"}],"wp:attachment":[{"href":"https:\/\/www.europesays.com\/ee\/wp-json\/wp\/v2\/media?parent=146139"}],"wp:term":[{"taxonomy":"category","embeddable":true,"href":"https:\/\/www.europesays.com\/ee\/wp-json\/wp\/v2\/categories?post=146139"},{"taxonomy":"post_tag","embeddable":true,"href":"https:\/\/www.europesays.com\/ee\/wp-json\/wp\/v2\/tags?post=146139"}],"curies":[{"name":"wp","href":"https:\/\/api.w.org\/{rel}","templated":true}]}}