{"id":146161,"date":"2026-04-04T23:07:11","date_gmt":"2026-04-04T23:07:11","guid":{"rendered":"https:\/\/www.europesays.com\/ee\/146161\/"},"modified":"2026-04-04T23:07:11","modified_gmt":"2026-04-04T23:07:11","slug":"poorane-poolajalopp-ja-poola-kuningas-tostsid-barcelona-pilvele-kust-keegi-pole-iial-pudenenud-soccernet-ee","status":"publish","type":"post","link":"https:\/\/www.europesays.com\/ee\/146161\/","title":{"rendered":"P\u00f6\u00f6rane poolajal\u00f5pp ja Poola kuningas t\u00f5stsid Barcelona pilvele, kust keegi pole iial pudenenud &#8211; Soccernet.ee"},"content":{"rendered":"<p><img decoding=\"async\" src=\"https:\/\/www.europesays.com\/ee\/wp-content\/uploads\/2026\/03\/1773858828.jpg\" alt=\"Pingilt t\u00f5usnud Robert Lewandowski t\u00f5i Barcelonale \u00fcliolulise v\u00f5idu. Foto: Scanpix \/ Siu Wu \/ EPA\"\/>&#13;\n<\/p>\n<p>Barcelona on t\u00e4navune Hispaania meister &#8211; kui ei s\u00fcnni midagi s\u00f5na otseses m\u00f5ttes enneolematut, on see vaid vormistamise k\u00fcsimus. V\u00f5\u00f5rsil saadi t\u00e4nu vastaste punasele kaardile ja Robert Lewandowski hilisele v\u00f5iduv\u00e4ravale 2:1 jagu Atletico Madridist.<\/p>\n<p>Luuravast m\u00e4ngust polnud avaminutitel juttugi. Antoine Griezmanni ohtliku l\u00f6\u00f6gi t\u00f5rjus Joan Garcia, teises v\u00e4ljakuotsas oli Juan Mussol aga ka veidi \u00f5nne, et temaga silmitsi p\u00e4\u00e4senud Fermin Lopez ei suutnud Lamine Yamali imelise eelt\u00f6\u00f6 ja v\u00e4lisk\u00fcljes\u00f6\u00f6du j\u00e4rel palli korralikult omaks v\u00f5tta ning saatis l\u00f5puks l\u00f6\u00f6gi v\u00e4ravast m\u00f6\u00f6da. Enne pooltunni t\u00e4itumist oli Griezmannil veel \u00fcks superv\u00f5imalus Atletico ette viia, aga prantslane suunas palli peaaegu t\u00fchjast v\u00e4ravast mitu meetrit m\u00f6\u00f6da.&#13;\n<\/p>\n<p>Kuigi Atletico n\u00e4is olevat skoori avamisele l\u00e4hemal, m\u00e4ngiti Yamal 35. minutil Mussoga vastamisi, aga kaval t\u00f5ste tabas siiski vaid v\u00e4ravaraame. Kolm minutit hiljem oli pall siiski Barcelona v\u00e4ravas &#8211; kaitseliini taha ilusa kaarpalli saanud Giuliano Simeone m\u00e4ngis \u00fcks-\u00fcks olukorras Garcia kindlalt \u00fcle. Lisaks 0:1 kaotusseisu j\u00e4\u00e4misele sai Barcelona kohe teisegi hoobi, sest vigastatud Ronald Araujo pidi v\u00e4ljakult lahkuma.&#13;\n<\/p>\n<p>Raskes olukorras n\u00e4idati kiirelt sisu.\u00a0Marcus Rashford vedas ise vasakul \u00e4\u00e4rel pikalt palli, m\u00e4ngis kokku Dani Olmoga ja saatis terava l\u00f6\u00f6gi Musso jalge vahelt v\u00f5rku &#8211; 1:1.<\/p>\n<p>Hullem ootas v\u00f5\u00f5rustajaid veel ees. Avapoolaja lisaminutitel p\u00e4\u00e4ses paremalt \u00e4\u00e4relt jooksu Yamal ning Nicolas Gonzalez niitis ta karistusala l\u00e4histel jalust. Peakohtunik Mateo Busquets Ferreri hinnangul toimus k\u00f5ik v\u00e4ljaspool karistusala, nii et penaltit Barcelona ei teeninud, k\u00fcll aga andis vilemees esialgu Atletico \u00e4\u00e4rekaitsjale kollase kaardi. Ehkki ka see t\u00e4hendanuks Gonzalezele eemaldamist, sest tal oli \u00fcks hoiatus juba kirjas, k\u00e4is Busquets Ferrer ekraani juures, t\u00fchistas teise kollase kaardi ja n\u00e4itas otse punast, hinnates olukorra ilmselge v\u00e4ravav\u00f5imaluse \u00e4rahoidmiseks.&#13;\n<\/p>\n<blockquote class=\"twitter-tweet\"><p>&#13;<\/p>\n<p lang=\"en\" dir=\"ltr\">Nico receives a straight red card for this challenge on Lamine Yamal and is sent off. <a href=\"https:\/\/t.co\/2WILYgRxg8\" rel=\"nofollow\">pic.twitter.com\/2WILYgRxg8<\/a>&#13;<br \/>\n\u2014 ESPN FC (@ESPNFC) <a href=\"https:\/\/twitter.com\/ESPNFC\/status\/2040518040811409756?ref_src=twsrc%5Etfw\" rel=\"nofollow noopener\" target=\"_blank\">April 4, 2026<\/a><\/p>\n<\/blockquote>\n<p>Pausi j\u00e4rel platsile naastes j\u00e4tkati sealt, kus pooleli j\u00e4i. M\u00e4ngitud oli napilt 40 sekundit, kui Gerard Martin astus Thiago Almada jalale ja Busquets Ferrer otsis taskust kiirelt taas punase kaardi. Pika vaidlemise ja VAR-i vaatamise j\u00e4rel j\u00f5udis peakohtunik siiski otsusele, et palli m\u00e4nginud Martini tegutsemine eemaldamist ei v\u00e4\u00e4ri. K\u00fcll aga saadeti protestimise eest pingilt trib\u00fc\u00fcnile Atletico abitreener Hernan Bonvicini.<\/p>\n<p>Arvulises \u00fclekaalus j\u00e4tkanud Barcelona jahtis terve teise poolaja v\u00f5iduv\u00e4ravat ning sai selle k\u00e4tte 86. minutil. Joao Cancelo terava l\u00f6\u00f6gi t\u00f5rjus Musso enda ette, kus m\u00f5ne meetri kaugusel noolis v\u00f5imalust vahetusmees Robert Lewandowski. Poolakas j\u00f5udis v\u00e4ravavahist tagasi p\u00f5rkunud pallile kiirelt reageerida ja selle rinnaga v\u00f5rku suunata, viies Barcelona 2:1 ette.&#13;\n<\/p>\n<p>Kuna katalaanide ainus j\u00e4litaja Real Madrid oli m\u00f5ni tund varem j\u00e4\u00e4nud \u00fcllatuslikult alla Mallorcale, k\u00e4rises kahe hiiu vahe liigatabelis juba seitsmepunktiliseks. Kaheksa vooru enne hooaja l\u00f5ppu pole La Liga ajaloos mitte keegi ja mitte kunagi sellist edumaad k\u00e4est andnud.&#13;\n<\/p>\n<blockquote class=\"twitter-tweet\"><p>&#13;<\/p>\n<p lang=\"en\" dir=\"ltr\">7 &#8211; <a href=\"https:\/\/twitter.com\/hashtag\/Barcelona?src=hash&amp;ref_src=twsrc%5Etfw\" rel=\"nofollow noopener\" target=\"_blank\">#Barcelona<\/a> \ud83d\udd35\ud83d\udd34 could be seven points ahead of <a href=\"https:\/\/twitter.com\/hashtag\/RealMadrid?src=hash&amp;ref_src=twsrc%5Etfw\" rel=\"nofollow noopener\" target=\"_blank\">#RealMadrid<\/a> \u26aa\ufe0f\u26aa\ufe0f. No team in the history of <a href=\"https:\/\/twitter.com\/LaLigaEN?ref_src=twsrc%5Etfw\" rel=\"nofollow noopener\" target=\"_blank\">@LaLigaEn<\/a> have ever gone on to win the league title after trailing the leaders by seven points or more with eight games remaining. Champions? <a href=\"https:\/\/t.co\/RTDtgKvFsR\" rel=\"nofollow\">pic.twitter.com\/RTDtgKvFsR<\/a>&#13;<br \/>\n\u2014 OptaJose (@OptaJose) <a href=\"https:\/\/twitter.com\/OptaJose\/status\/2040498576900477210?ref_src=twsrc%5Etfw\" rel=\"nofollow noopener\" target=\"_blank\">April 4, 2026<\/a><\/p>\n<\/blockquote>\n<p><script async src=\"https:\/\/platform.twitter.com\/widgets.js\" charset=\"utf-8\"><\/script><\/p>\n","protected":false},"excerpt":{"rendered":"&#13; Barcelona on t\u00e4navune Hispaania meister &#8211; kui ei s\u00fcnni midagi s\u00f5na otseses m\u00f5ttes enneolematut, on see vaid&hellip;\n","protected":false},"author":2,"featured_media":132635,"comment_status":"","ping_status":"","sticky":false,"template":"","format":"standard","meta":{"footnotes":"","_share_on_mastodon":"0"},"categories":[18],"tags":[12813,1739,1740,1741,68274,37,33,35,34,36,13824,4245,68275,68276,24851,110,4246,68277,606,4247,68278,13828,4789,159,158,7631],"class_list":["post-146161","post","type-post","status-publish","format-standard","has-post-thumbnail","category-sport","tag-araujo","tag-atletico","tag-atletico-madrid","tag-barcelona","tag-busquets-ferrer","tag-ee","tag-eesti","tag-eesti-keel","tag-estonia","tag-estonian","tag-fermin-lopez","tag-garcia","tag-gerard-martin","tag-giuliano-simeone","tag-griezmann","tag-hispaania","tag-joan-garcia","tag-juan-musso","tag-la-liga","tag-lewandowski","tag-musso","tag-rashford","tag-simeone","tag-sport","tag-sports","tag-yamal"],"share_on_mastodon":{"url":"https:\/\/pubeurope.com\/@ee\/116348953825587982","error":""},"_links":{"self":[{"href":"https:\/\/www.europesays.com\/ee\/wp-json\/wp\/v2\/posts\/146161","targetHints":{"allow":["GET"]}}],"collection":[{"href":"https:\/\/www.europesays.com\/ee\/wp-json\/wp\/v2\/posts"}],"about":[{"href":"https:\/\/www.europesays.com\/ee\/wp-json\/wp\/v2\/types\/post"}],"author":[{"embeddable":true,"href":"https:\/\/www.europesays.com\/ee\/wp-json\/wp\/v2\/users\/2"}],"replies":[{"embeddable":true,"href":"https:\/\/www.europesays.com\/ee\/wp-json\/wp\/v2\/comments?post=146161"}],"version-history":[{"count":0,"href":"https:\/\/www.europesays.com\/ee\/wp-json\/wp\/v2\/posts\/146161\/revisions"}],"wp:featuredmedia":[{"embeddable":true,"href":"https:\/\/www.europesays.com\/ee\/wp-json\/wp\/v2\/media\/132635"}],"wp:attachment":[{"href":"https:\/\/www.europesays.com\/ee\/wp-json\/wp\/v2\/media?parent=146161"}],"wp:term":[{"taxonomy":"category","embeddable":true,"href":"https:\/\/www.europesays.com\/ee\/wp-json\/wp\/v2\/categories?post=146161"},{"taxonomy":"post_tag","embeddable":true,"href":"https:\/\/www.europesays.com\/ee\/wp-json\/wp\/v2\/tags?post=146161"}],"curies":[{"name":"wp","href":"https:\/\/api.w.org\/{rel}","templated":true}]}}