{"id":146183,"date":"2026-04-05T01:30:10","date_gmt":"2026-04-05T01:30:10","guid":{"rendered":"https:\/\/www.europesays.com\/ee\/146183\/"},"modified":"2026-04-05T01:30:10","modified_gmt":"2026-04-05T01:30:10","slug":"uskumatu-lopuspurt-kaks-vahetusmeest-ja-kaks-ulihilist-tabamust-poetasid-kolm-punkti-dortmundi-tasku-soccernet-ee","status":"publish","type":"post","link":"https:\/\/www.europesays.com\/ee\/146183\/","title":{"rendered":"Uskumatu l\u00f5puspurt! Kaks vahetusmeest ja kaks \u00fclihilist tabamust poetasid kolm punkti Dortmundi tasku &#8211; Soccernet.ee"},"content":{"rendered":"<p><img decoding=\"async\" src=\"https:\/\/www.europesays.com\/ee\/wp-content\/uploads\/2026\/04\/1775323982.jpg\" alt=\"Karim Adeyemi. Foto: Scanpix \/ Wolfgang Frank \/ IMAGO \/ Eibner\"\/>&#13;\n<\/p>\n<p>Saksamaa k\u00f5rgliiga 28. voorus n\u00e4is Dortmundi Borussia Stuttgarti vastu punkte kaotavat, ent kahe \u00fclihilise v\u00e4rava toel suutis Dortmundi klubi siiski k\u00f5ik kolm punkti enda tasku pista.\u00a0<\/p>\n<p>Kohtumise esimene ohtlikum moment s\u00fcndis Stuttgarti m\u00e4ngumehe Chris F\u00fchrichi jalast, ent kaugl\u00f6\u00f6k maandus Gregor Kobeli kinnastes. Stuttgart j\u00e4tkas r\u00fcndeosakonnas innukalt, ent Kobeli tegutsemine v\u00e4ravasuul hoidis Dortmundi vee peal. Dortmund j\u00e4i avapoolajal suhteliselt hambutuks ning ka teise poolaja algus ei toonud suuremat tulu.\u00a0&#13;\n<\/p>\n<p>Tunni m\u00f6\u00f6dudes liitusid Dortmundi ridadest Karim Adeyemi ja Fabio Silva, kes enne \u00fcleminuteid midagi \u00fclem\u00e4\u00e4ra otsustavat korda ei saatnud. Alles 90+4. minutil \u00e4rkas Dortmund \u00fcles ning Adeyemi napsas palli ja virutas selle kindlalt v\u00f5rku. V\u00f5it n\u00e4is juba \u00fcsna kindel olevat, ent Dortmundile \u00fchest v\u00e4ravast ei piisanud.\u00a0&#13;\n<\/p>\n<p>K\u00f5igest kolme minuti m\u00f6\u00f6dudes suutis suvel seitsme aasta j\u00e4rel klubist lahkuv Julian Brandt kiire vastur\u00fcnnaku j\u00e4rel l\u00f5ppskooriks 2:0 vormistada. T\u00e4nane v\u00f5it t\u00e4hendas Dortmundi jaoks seitsmendat j\u00e4rjestikust ning see t\u00f5stab nad neljandal real paiknevast Stuttgartist 11 silma kaugusele.\u00a0<\/p>\n<blockquote class=\"twitter-tweet\"><p>&#13;<\/p>\n<p lang=\"no\" dir=\"ltr\">\ud83d\ude80 JULIAN \ud83d\udca5 BRANDT \ud83d\ude80 <a href=\"https:\/\/t.co\/5wlIZHlTFH\" rel=\"nofollow\">pic.twitter.com\/5wlIZHlTFH<\/a>&#13;<br \/>\n\u2014 Borussia Dortmund (@BVB) <a href=\"https:\/\/twitter.com\/BVB\/status\/2040505964374171935?ref_src=twsrc%5Etfw\" rel=\"nofollow noopener\" target=\"_blank\">April 4, 2026<\/a><\/p>\n<\/blockquote>\n<p>K\u00fcll aga on Bundesligas j\u00e4tkuvalt tabeliliider M\u00fcncheni Bayern, kes edestab Dortmundi \u00fcheksa punktiga. Stuttgart j\u00e4tkab neljandal real, jagades punkte Leipzigiga.\u00a0&#13;\n<\/p>\n<p>          <script async src=\"https:\/\/platform.twitter.com\/widgets.js\" charset=\"utf-8\"><\/script><\/p>\n","protected":false},"excerpt":{"rendered":"&#13; Saksamaa k\u00f5rgliiga 28. voorus n\u00e4is Dortmundi Borussia Stuttgarti vastu punkte kaotavat, ent kahe \u00fclihilise v\u00e4rava toel suutis&hellip;\n","protected":false},"author":2,"featured_media":146184,"comment_status":"","ping_status":"","sticky":false,"template":"","format":"standard","meta":{"footnotes":"","_share_on_mastodon":"0"},"categories":[18],"tags":[13437,527,5174,1705,37,33,35,34,36,51,1259,159,158,1003],"class_list":["post-146183","post","type-post","status-publish","format-standard","has-post-thumbnail","category-sport","tag-borussia-dortmund","tag-bundesliga","tag-dortmund","tag-dortmundi-borussia","tag-ee","tag-eesti","tag-eesti-keel","tag-estonia","tag-estonian","tag-saksamaa","tag-saksamaa-korgliiga","tag-sport","tag-sports","tag-stuttgart"],"share_on_mastodon":{"url":"https:\/\/pubeurope.com\/@ee\/116349516207192926","error":""},"_links":{"self":[{"href":"https:\/\/www.europesays.com\/ee\/wp-json\/wp\/v2\/posts\/146183","targetHints":{"allow":["GET"]}}],"collection":[{"href":"https:\/\/www.europesays.com\/ee\/wp-json\/wp\/v2\/posts"}],"about":[{"href":"https:\/\/www.europesays.com\/ee\/wp-json\/wp\/v2\/types\/post"}],"author":[{"embeddable":true,"href":"https:\/\/www.europesays.com\/ee\/wp-json\/wp\/v2\/users\/2"}],"replies":[{"embeddable":true,"href":"https:\/\/www.europesays.com\/ee\/wp-json\/wp\/v2\/comments?post=146183"}],"version-history":[{"count":0,"href":"https:\/\/www.europesays.com\/ee\/wp-json\/wp\/v2\/posts\/146183\/revisions"}],"wp:featuredmedia":[{"embeddable":true,"href":"https:\/\/www.europesays.com\/ee\/wp-json\/wp\/v2\/media\/146184"}],"wp:attachment":[{"href":"https:\/\/www.europesays.com\/ee\/wp-json\/wp\/v2\/media?parent=146183"}],"wp:term":[{"taxonomy":"category","embeddable":true,"href":"https:\/\/www.europesays.com\/ee\/wp-json\/wp\/v2\/categories?post=146183"},{"taxonomy":"post_tag","embeddable":true,"href":"https:\/\/www.europesays.com\/ee\/wp-json\/wp\/v2\/tags?post=146183"}],"curies":[{"name":"wp","href":"https:\/\/api.w.org\/{rel}","templated":true}]}}