{"id":146228,"date":"2026-04-05T04:38:08","date_gmt":"2026-04-05T04:38:08","guid":{"rendered":"https:\/\/www.europesays.com\/ee\/146228\/"},"modified":"2026-04-05T04:38:08","modified_gmt":"2026-04-05T04:38:08","slug":"saksamaa-valitseja-paases-ule-noatera-heinata-werder-sai-meistrite-liiga-kursil-liikuvalt-leipzigilt-sugeda-soccernet-ee","status":"publish","type":"post","link":"https:\/\/www.europesays.com\/ee\/146228\/","title":{"rendered":"Saksamaa valitseja p\u00e4\u00e4ses \u00fcle noatera, Heinata Werder sai Meistrite liiga kursil liikuvalt Leipzigilt sugeda &#8211; Soccernet.ee"},"content":{"rendered":"<p><img decoding=\"async\" src=\"https:\/\/www.europesays.com\/ee\/wp-content\/uploads\/2026\/04\/1775318856.jpg\" alt=\"Bayern p\u00e4\u00e4ses napilt Freiburgi k\u00fc\u00fcsist! Foto: Scanpix \/ Tom Weller \/ dpa \/ picture-alliance\"\/>&#13;\n<\/p>\n<p>Saksamaa k\u00f5rgliiga 28. m\u00e4nguvoorus j\u00e4i riigi valitsev meister M\u00fcncheni Bayern Freiburgi vastu \u00fcpris t\u00e4barasse seisu, ent suutis tugeva l\u00f5puga sellest v\u00e4lja rabeleda.\u00a0<\/p>\n<p>V\u00f5\u00f5rsil Freiburgiga piigid ristanud Saksamaa meister ei suutnud avapoolajal vastaste v\u00f5rku sahistada. Seda ei suutnud ka Freiburg, ent teisel poolajal t\u00f5mmati vurr k\u00e4ima ja seda juba esimesel minutil. Johan Manzambi keerutas kauni kaugl\u00f6\u00f6gi Manuel Neueri seljataha, kes liikumatult palli lendu j\u00e4lgis. Freiburg kahekordistas eduseisu 19 minutit enne normaalaja l\u00f5ppu, kui Neuer eba\u00f5nnestunult nurgal\u00f6\u00f6giolukorras sekkus. Lucas H\u00f6leril j\u00e4i \u00fcle vaid pall v\u00f5rku suunata.\u00a0&#13;\n<\/p>\n<p>Bayerni v\u00f5imsas tagasitulekus m\u00e4ngis kandvat rolli \u00e4\u00e4rekaitsja Tom Bischof. 81. minutil v\u00e4hendas ta vahe minimaalseks ning \u00fcleminutitel t\u00f5i ta majja viigi. K\u00fcll aga napsas Bayern k\u00f5ik kolm punkti endale 90+9. minutil, kui nende imelaps Lennart Karl tagumisest postist palli v\u00f5rku suunas. Raskelt v\u00e4lja teenitud v\u00f5idu j\u00e4rel paikneb Bayern kindlalt Bundesliga tipus.&#13;\n<\/p>\n<blockquote class=\"twitter-tweet\"><p>&#13;<\/p>\n<p lang=\"en\" dir=\"ltr\">100 &amp; 3 \u2013 Bayern hit the 100\u2011goal mark in their 28th Bundesliga match of the season, the earliest any side have ever reached the milestone. They also became just the third team in Bundesliga history to overturn a two\u2011goal deficit after the 80th minute and still win. Comeback. <a href=\"https:\/\/t.co\/0scGPOEb39\" rel=\"nofollow\">pic.twitter.com\/0scGPOEb39<\/a>&#13;<br \/>\n\u2014 OptaFranz (@OptaFranz) <a href=\"https:\/\/twitter.com\/OptaFranz\/status\/2040463311037247529?ref_src=twsrc%5Etfw\" rel=\"nofollow noopener\" target=\"_blank\">April 4, 2026<\/a><\/p>\n<\/blockquote>\n<p>P\u00f6idlavigastuse t\u00f5ttu hooaja l\u00f5puni Bremeni Werderi tegemisi v\u00e4ljaku k\u00f5rvalt j\u00e4lgiva Karl Jakob Heina t\u00f6\u00f6andja tunnistas aga Leipzigi 2:1 paremust. Veerandtunni m\u00f6\u00f6dudes haaras Leipzig norraka Antonio Nusa tabamusest eduseisu ning sellega ka avapoolaja s\u00fcndmused piirdusid.&#13;\n<\/p>\n<p>52. minutil asus Leipzig Romulo Cardoso tabamusest 2:0 juhtima ning neljandal \u00fcleminutil \u00f5nnestus Salim Musah&#8217;l vahe minimaalseks v\u00e4hendada, ent enamaks v\u00f5imelised ei oldud. Werder j\u00e4tkab 14. kohal ning v\u00e4ljalangemistsoonist lahutab neid neli silma.\u00a0<\/p>\n<p>Leverkuseni Bayeri ja Wolfsburgi vahelises m\u00f5\u00f5duv\u00f5tus sadas v\u00e4ravaid. Avapoolaeg l\u00f5ppes seisuga 2:3 Wolfsburgi kasuks, ent teisel poolajal suudeti l\u00fc\u00fca suisa neli tabamust ja suure v\u00f5iduga tabelisse kolm punkti lisada. V\u00f5idur\u00f5\u00f5mu sai tunda ka Mainz, kes alistas 2:1 tabelis neli kohta k\u00f5rgemal paikneva Hoffenheimi.\u00a0&#13;\n<\/p>\n<blockquote class=\"twitter-tweet\"><p>&#13;<\/p>\n<p lang=\"en\" dir=\"ltr\">100 \u2013 Patrik Schick is the first-ever Czech player to have scored 100 goals in Europe\u2019s top 5 leagues. Legend. <a href=\"https:\/\/t.co\/ednaNZzHRr\" rel=\"nofollow\">pic.twitter.com\/ednaNZzHRr<\/a>&#13;<br \/>\n\u2014 OptaJakub (@OptaJakub) <a href=\"https:\/\/twitter.com\/OptaJakub\/status\/2040443531651584015?ref_src=twsrc%5Etfw\" rel=\"nofollow noopener\" target=\"_blank\">April 4, 2026<\/a><\/p>\n<\/blockquote>\n<p>Kaks kohtumist l\u00f5ppesid aga viigiga. M\u00f6nchengladbachi Borussia ei suutnud liiga punase laterna Heidenheimi vastu 2:2 viigist enamat ning tabelinaabrid HSV ja Augsburg leppisid 1:1 viiki.\u00a0&#13;\n<\/p>\n<p>          <script async src=\"https:\/\/platform.twitter.com\/widgets.js\" charset=\"utf-8\"><\/script><\/p>\n","protected":false},"excerpt":{"rendered":"&#13; Saksamaa k\u00f5rgliiga 28. m\u00e4nguvoorus j\u00e4i riigi valitsev meister M\u00fcncheni Bayern Freiburgi vastu \u00fcpris t\u00e4barasse seisu, ent suutis&hellip;\n","protected":false},"author":2,"featured_media":146229,"comment_status":"","ping_status":"","sticky":false,"template":"","format":"standard","meta":{"footnotes":"","_share_on_mastodon":"0"},"categories":[18],"tags":[523,13436,68288,526,527,37,33,35,34,36,528,531,533,534,1160,1710,537,35159,538,1161,51,159,158,539,8908,1712],"class_list":["post-146228","post","type-post","status-publish","format-standard","has-post-thumbnail","category-sport","tag-augsburg","tag-bayer-leverkusen","tag-bayern-muncheni","tag-bremeni-werder","tag-bundesliga","tag-ee","tag-eesti","tag-eesti-keel","tag-estonia","tag-estonian","tag-freiburg","tag-heidenheim","tag-hoffenheim","tag-hsv","tag-leipzig","tag-leverkuseni-bayer","tag-mainz","tag-monchengladbachi-borussi","tag-muncheni-bayern","tag-rb-leipzig","tag-saksamaa","tag-sport","tag-sports","tag-werder","tag-werder-bremen","tag-wolfsburg"],"share_on_mastodon":{"url":"https:\/\/pubeurope.com\/@ee\/116350255269069424","error":""},"_links":{"self":[{"href":"https:\/\/www.europesays.com\/ee\/wp-json\/wp\/v2\/posts\/146228","targetHints":{"allow":["GET"]}}],"collection":[{"href":"https:\/\/www.europesays.com\/ee\/wp-json\/wp\/v2\/posts"}],"about":[{"href":"https:\/\/www.europesays.com\/ee\/wp-json\/wp\/v2\/types\/post"}],"author":[{"embeddable":true,"href":"https:\/\/www.europesays.com\/ee\/wp-json\/wp\/v2\/users\/2"}],"replies":[{"embeddable":true,"href":"https:\/\/www.europesays.com\/ee\/wp-json\/wp\/v2\/comments?post=146228"}],"version-history":[{"count":0,"href":"https:\/\/www.europesays.com\/ee\/wp-json\/wp\/v2\/posts\/146228\/revisions"}],"wp:featuredmedia":[{"embeddable":true,"href":"https:\/\/www.europesays.com\/ee\/wp-json\/wp\/v2\/media\/146229"}],"wp:attachment":[{"href":"https:\/\/www.europesays.com\/ee\/wp-json\/wp\/v2\/media?parent=146228"}],"wp:term":[{"taxonomy":"category","embeddable":true,"href":"https:\/\/www.europesays.com\/ee\/wp-json\/wp\/v2\/categories?post=146228"},{"taxonomy":"post_tag","embeddable":true,"href":"https:\/\/www.europesays.com\/ee\/wp-json\/wp\/v2\/tags?post=146228"}],"curies":[{"name":"wp","href":"https:\/\/api.w.org\/{rel}","templated":true}]}}