{"id":146322,"date":"2026-04-05T07:48:08","date_gmt":"2026-04-05T07:48:08","guid":{"rendered":"https:\/\/www.europesays.com\/ee\/146322\/"},"modified":"2026-04-05T07:48:08","modified_gmt":"2026-04-05T07:48:08","slug":"saksa-mehed-peavad-riigist-lahkumiseks-sojavaelt-luba-kusima-valismaa","status":"publish","type":"post","link":"https:\/\/www.europesays.com\/ee\/146322\/","title":{"rendered":"Saksa mehed peavad riigist lahkumiseks s\u00f5jav\u00e4elt luba k\u00fcsima | V\u00e4lismaa"},"content":{"rendered":"<p>Saksamaa s\u00f5jav\u00e4ekohustuslikus vanuses mehed peavad armeeteenistuse uute reeglite kohaselt k\u00fcsima relvaj\u00f5ududelt luba, kui nad soovivad riigist lahkuda rohkem kui kolmeks kuuks.<\/p>\n<p>Valitsus kehtestas sel aastal uue ajateenistuse mudeli, mis k\u00fcll ei kehtesta kohustuslikku ajateenistust, aga n\u00f5uab, et alates 2008. aastast s\u00fcndinud mehed l\u00e4biksid tervisekontrolli ja t\u00e4idaksid k\u00fcsimustiku oma teenistusk\u00f5lblikkuse kohta, <a href=\"https:\/\/www.telegraph.co.uk\/world-news\/2026\/04\/04\/german-men-must-apply-army-booking-holidays-conscription\/\" target=\"_blank\" rel=\"noopener nofollow\">teatas Briti leht The Telegraph.<\/a><\/p>\n<p>Selgunud on, et seaduses sisalduv s\u00e4te n\u00f5uab ka, et 17\u201345-aastased mehed peavad enne pikemaks ajaks riigist lahkumist hankima loa Saksamaa relvaj\u00f5ududelt (Bundeswehr).<\/p>\n<p>Saksamaa on alustanud kiiret relvastumist ja v\u00f5imalikuks s\u00f5jaks valmistumist, plaanides laiendada oma tavav\u00e4ge vastuseks Venemaalt tulenevatele ohtudele ja v\u00f5imalikule NATO lagunemisele.<\/p>\n<p>Uue reegli eesm\u00e4rk on piirata s\u00f5jav\u00e4ekohustuslikus eas meeste lahkumist riigist suure kriisi, n\u00e4iteks s\u00f5ja korral, mis v\u00f5ib n\u00f5uda erakorralise ajateenistuse kehtestamist.<\/p>\n<p>\u00a0&#8220;Meessoost isikud, kes on saanud 17-aastaseks, peavad hankima loa Saksamaa relvaj\u00f5udude p\u00e4devalt karj\u00e4\u00e4rikeskuselt, kui nad soovivad lahkuda Saksamaa Liitvabariigist rohkem kui kolmeks kuuks,&#8221; seisab reeglites.<\/p>\n<p>See s\u00e4te j\u00e4i suures osas m\u00e4rkamata, kuni selle t\u00f5i esile vasakpoolne ajaleht Frankfurter Rundschau, kelle hinnangul tekitab see \u00e4revust miljonite Saksa meeste seas.<\/p>\n<p>Saksa kaitseametnikud kinnitasid, et praktikas antaks rahuajal load alati ning vihjasid ka, et l\u00e4hitulevikus v\u00f5idakse reeglit eranditega leevendada.<\/p>\n<p>&#8220;Selle regulatsiooni taust ja juhtp\u00f5him\u00f5te on tagada usaldusv\u00e4\u00e4rne ja informatiivne s\u00f5jav\u00e4eregister \u2026 h\u00e4daolukorras peame teadma, kes v\u00f5ib viibida pikemat aega v\u00e4lismaal,&#8221; selgitas armee esindaja.<\/p>\n<p>Saksamaa uus ajateenistuse mudel kehtestati, et leevendada t\u00f5sist s\u00f5durite nappust, ning see on moderniseeritud versioon ebapopulaarsest ajateenistuse s\u00fcsteemist, mis l\u00f5petati 2010. aastal.<\/p>\n<p>Kantsler Friedrich Merzi laiem eesm\u00e4rk on muuta Saksamaa uuesti Euroopas tugevaks tegijaks s\u00f5janduses, millel oleks tema soovi kohaselt Euroopa tugevaim tavav\u00e4gi.<\/p>\n<p>Saksamaa on lubanud kulutada 2029. aastaks kaitsele 153 miljardit eurot ehk 3,5 protsenti sisemajanduse koguproduktist (SKP), pikaajalise eesm\u00e4rgiga j\u00f5uda NATO-s kokku lepitud viie protsendi tasemele.<\/p>\n<p>Kuigi ajateenistus ei ole praegu kohustuslik, v\u00f5imaldab uus seadus tulevikus mehi sundkorras teenistusse kutsuda, kui v\u00e4rbamiseesm\u00e4rke ei t\u00e4ideta.<\/p>\n<p>Varem sisaldas Saksa seadus sarnast s\u00e4tet v\u00e4lismaale mineku lubade kohta, kuid seda n\u00f5uti ainult julgeolekuh\u00e4daolukorras, n\u00e4iteks vahetu v\u00f5i k\u00e4imasoleva s\u00f5ja ajal.<\/p>\n<p>Jaanuaris tehtud reformid muutsid reeglit nii, et see kehtib \u00fcldisemalt, mis t\u00e4hendab, et iga 17\u201345-aastane Saksa mees peab Bundeswehri teavitama, kui ta soovib minna pikemale puhkusele v\u00f5i t\u00f6\u00f6le v\u00e4lismaale.<\/p>\n<p>Ei ole selge, mis juhtub juhul, kui mees lahkub loata.<\/p>\n<p>On ka spekuleeritud, et reegel v\u00f5idi vastu v\u00f5tta kogemata, kuna see v\u00f5ib tekitada Saksa relvaj\u00f5ududele suure b\u00fcrokraatliku koormuse.<\/p>\n<p>Saksamaa kaitseministeerium tunnistas seda ja teatas, et t\u00f6\u00f6tab v\u00e4lja t\u00e4psemad reeglid erandite tegemiseks, et v\u00e4ltida tarbetut b\u00fcrokraatiat.<\/p>\n","protected":false},"excerpt":{"rendered":"Saksamaa s\u00f5jav\u00e4ekohustuslikus vanuses mehed peavad armeeteenistuse uute reeglite kohaselt k\u00fcsima relvaj\u00f5ududelt luba, kui nad soovivad riigist lahkuda rohkem&hellip;\n","protected":false},"author":2,"featured_media":146323,"comment_status":"","ping_status":"","sticky":false,"template":"","format":"standard","meta":{"footnotes":"","_share_on_mastodon":"0"},"categories":[12],"tags":[26,27,37,33,35,34,36,31,32,21,28,29,19,25,68336,18940,11771,23,24,22,20,30],"class_list":["post-146322","post","type-post","status-publish","format-standard","has-post-thumbnail","category-eesti","tag-breaking-news","tag-breakingnews","tag-ee","tag-eesti","tag-eesti-keel","tag-estonia","tag-estonian","tag-featured-news","tag-featurednews","tag-headlines","tag-latest-news","tag-latestnews","tag-news","tag-populaarseimad-lood","tag-saksa-armee","tag-saksa-relvajoud","tag-sojavaekohustus","tag-top-stories","tag-topstories","tag-uldised-uudised","tag-uudised","tag-viimased-uudised"],"share_on_mastodon":{"url":"https:\/\/pubeurope.com\/@ee\/116351002415808209","error":""},"_links":{"self":[{"href":"https:\/\/www.europesays.com\/ee\/wp-json\/wp\/v2\/posts\/146322","targetHints":{"allow":["GET"]}}],"collection":[{"href":"https:\/\/www.europesays.com\/ee\/wp-json\/wp\/v2\/posts"}],"about":[{"href":"https:\/\/www.europesays.com\/ee\/wp-json\/wp\/v2\/types\/post"}],"author":[{"embeddable":true,"href":"https:\/\/www.europesays.com\/ee\/wp-json\/wp\/v2\/users\/2"}],"replies":[{"embeddable":true,"href":"https:\/\/www.europesays.com\/ee\/wp-json\/wp\/v2\/comments?post=146322"}],"version-history":[{"count":0,"href":"https:\/\/www.europesays.com\/ee\/wp-json\/wp\/v2\/posts\/146322\/revisions"}],"wp:featuredmedia":[{"embeddable":true,"href":"https:\/\/www.europesays.com\/ee\/wp-json\/wp\/v2\/media\/146323"}],"wp:attachment":[{"href":"https:\/\/www.europesays.com\/ee\/wp-json\/wp\/v2\/media?parent=146322"}],"wp:term":[{"taxonomy":"category","embeddable":true,"href":"https:\/\/www.europesays.com\/ee\/wp-json\/wp\/v2\/categories?post=146322"},{"taxonomy":"post_tag","embeddable":true,"href":"https:\/\/www.europesays.com\/ee\/wp-json\/wp\/v2\/tags?post=146322"}],"curies":[{"name":"wp","href":"https:\/\/api.w.org\/{rel}","templated":true}]}}