{"id":146498,"date":"2026-04-05T12:20:16","date_gmt":"2026-04-05T12:20:16","guid":{"rendered":"https:\/\/www.europesays.com\/ee\/146498\/"},"modified":"2026-04-05T12:20:16","modified_gmt":"2026-04-05T12:20:16","slug":"norra-murdmaasuusatamise-legend-tegi-karmi-avalduse","status":"publish","type":"post","link":"https:\/\/www.europesays.com\/ee\/146498\/","title":{"rendered":"Norra murdmaasuusatamise legend tegi karmi avalduse"},"content":{"rendered":"<p class=\"article-body mb-nof-24 px-nof-16\">Sundby r\u00e4\u00e4kis Norra v\u00e4ljaandele VG, et teda \u0161okeeris Holmenkolleni MK-etapi 50 km maraton. Norralased h\u00f5ivasid seal esimesed kaheksa kohta, kusjuures suusakuningas Johannes H\u00f8sflot Kl\u00e6bo isegi ei osalenud.<\/p>\n<p class=\"article-body mb-nof-24 px-nof-16\">Norralaste domineerimine on viimastel aastatel kasvanud, eriti just meeste seas. Sundby arvates on see spordialale v\u00e4ga kahjulik. \u00abKui me ei tee midagi selleks, et v\u00f5istlused poleks nii \u00fchepoolsed, siis varsti enam polegi millegi nimel v\u00f5istelda,\u00bb lausus ta.<\/p>\n<p class=\"article-body mb-nof-24 px-nof-16\">Sundby s\u00f5nul tuleneb tasemevahe sellest, et Norral on teiste riikidega paremad (rahalised) v\u00f5imalused. Ta \u00fctles, et kui olusid ei v\u00f5rdsustata, on ala hukule m\u00e4\u00e4ratud. \u00ab\u00d5igupoolest on meie ala juba praegu surnud,\u00bb lisas ta.<\/p>\n<p class=\"article-body mb-nof-24 px-nof-16\">Sundby m\u00e4rkis, et kui ta oleks endiselt tegevsportlane ja m\u00f5ni ekspert \u00fctleks midagi sellist, nagu tema praegu, siis ta l\u00e4heks tolle asjatundja peale n\u00e4rvi ning s\u00f6\u00f6ks ta elusalt \u00e4ra.<\/p>\n<p class=\"article-body mb-nof-24 px-nof-16\">\u00abAga mul pole enam Norra prille ees. Peame leidma alternatiive, et j\u00f5udude vahekordi v\u00f5rdsustada. Keegi ei saa vastu vaielda, et seda on vaja. Peame kogu rahvusvahelise s\u00fcsteemi laiali lammutama ja alustama nullist, et v\u00f5tta Norralt eelis \u00e4ra,\u00bb lausus ta.<\/p>\n<p class=\"article-body mb-nof-24 px-nof-16\">Sundby tegi ettepaneku, et murdmaasuusatamise kulusid tuleks k\u00f5vasti koomale t\u00f5mmata, n\u00e4iteks v\u00f5iks \u00fche sportlase kohta m\u00e4\u00e4rata kindla kulupiiri v\u00f5i muuta varustust v\u00f5rdsemaks. Samuti usub ta, et abiks v\u00f5iks tulla see, kui Norra treenerid aitaksid teiste riikide koondisi ning MK-sarjas ei lubataks nii paljudel norralastel korraga v\u00f5istelda.<\/p>\n<p>Suusalegend soovib, et rahvusvaheline suusaliit hakkaks kohe tegutsema. \u00abKonkurents meeste tipptasemel on hirmu\u00e4ratavalt h\u00f5re, seda p\u00f5him\u00f5tteliselt polegi. Ol\u00fcmpia eel oli m\u00f5istlik ennustada, et medali v\u00f5idavad ainult norralased. See m\u00f5jutab ka, et venelased ei osale v\u00f5istlustel, aga see pole suurim ebav\u00f5rdsuse p\u00f5hjus.\u00bb<\/p>\n<p>Ehkki k\u00f5iki medaleid ei v\u00f5itnud norralased, siis Kl\u00e6bo v\u00f5itis k\u00f5ik kuus kuldmedalit.<\/p>\n<p>Sundby l\u00f5petas sportlaskarj\u00e4\u00e4ri 2021. aastal. Ta tuli 2018. aastal kahekordseks ol\u00fcmpiav\u00f5itjaks, seda meeste teates\u00f5idus ja tiimisprindis. Individuaalselt on tal \u00fcks ol\u00fcmpiapronks ja \u00fcks -h\u00f5be.<\/p>\n","protected":false},"excerpt":{"rendered":"Sundby r\u00e4\u00e4kis Norra v\u00e4ljaandele VG, et teda \u0161okeeris Holmenkolleni MK-etapi 50 km maraton. Norralased h\u00f5ivasid seal esimesed kaheksa&hellip;\n","protected":false},"author":2,"featured_media":146102,"comment_status":"","ping_status":"","sticky":false,"template":"","format":"standard","meta":{"footnotes":"","_share_on_mastodon":"0"},"categories":[18],"tags":[37,33,35,34,36,68239,44071,3044,159,158],"class_list":["post-146498","post","type-post","status-publish","format-standard","has-post-thumbnail","category-sport","tag-ee","tag-eesti","tag-eesti-keel","tag-estonia","tag-estonian","tag-martin-johnsrud-sundby","tag-murdmaa","tag-murdmaasuusatamine","tag-sport","tag-sports"],"share_on_mastodon":{"url":"https:\/\/pubeurope.com\/@ee\/116352071949531983","error":""},"_links":{"self":[{"href":"https:\/\/www.europesays.com\/ee\/wp-json\/wp\/v2\/posts\/146498","targetHints":{"allow":["GET"]}}],"collection":[{"href":"https:\/\/www.europesays.com\/ee\/wp-json\/wp\/v2\/posts"}],"about":[{"href":"https:\/\/www.europesays.com\/ee\/wp-json\/wp\/v2\/types\/post"}],"author":[{"embeddable":true,"href":"https:\/\/www.europesays.com\/ee\/wp-json\/wp\/v2\/users\/2"}],"replies":[{"embeddable":true,"href":"https:\/\/www.europesays.com\/ee\/wp-json\/wp\/v2\/comments?post=146498"}],"version-history":[{"count":0,"href":"https:\/\/www.europesays.com\/ee\/wp-json\/wp\/v2\/posts\/146498\/revisions"}],"wp:featuredmedia":[{"embeddable":true,"href":"https:\/\/www.europesays.com\/ee\/wp-json\/wp\/v2\/media\/146102"}],"wp:attachment":[{"href":"https:\/\/www.europesays.com\/ee\/wp-json\/wp\/v2\/media?parent=146498"}],"wp:term":[{"taxonomy":"category","embeddable":true,"href":"https:\/\/www.europesays.com\/ee\/wp-json\/wp\/v2\/categories?post=146498"},{"taxonomy":"post_tag","embeddable":true,"href":"https:\/\/www.europesays.com\/ee\/wp-json\/wp\/v2\/tags?post=146498"}],"curies":[{"name":"wp","href":"https:\/\/api.w.org\/{rel}","templated":true}]}}