{"id":146610,"date":"2026-04-05T15:31:24","date_gmt":"2026-04-05T15:31:24","guid":{"rendered":"https:\/\/www.europesays.com\/ee\/146610\/"},"modified":"2026-04-05T15:31:24","modified_gmt":"2026-04-05T15:31:24","slug":"saksamaa-karmistas-sojavae-eeskirju-mehed-peavad-riigist-lahkumiseks-luba-kusima-maailm-postimees-ee","status":"publish","type":"post","link":"https:\/\/www.europesays.com\/ee\/146610\/","title":{"rendered":"Saksamaa karmistas s\u00f5jav\u00e4e-eeskirju: mehed peavad riigist lahkumiseks luba k\u00fcsima &#8211; Maailm &#8211; Postimees.ee"},"content":{"rendered":"<ol>\n<li><a href=\"https:\/\/news.google.com\/rss\/articles\/CBMitwFBVV95cUxOS2l5RmdQc2Zqc2Q0bWpnampWNXBLYWZQUjZHeUc4dGI3UlQ4alVqU1FoSWh5RVFhTmVhazNxeWdkTUZMOFRnY0pRU3YyX05mYV9XamFjdERTZ01QdUdPc3RqTWs5TWNWdC1LUDZvUFd3bnZ5MFR3R2NXczdHaE9Dc25LWWlUWG5TeW5YZ3hYdnJ6THNxTG9mcDdCVXpxODlxcUN4ZnFUNk53TWVwQnROS2JHbTlxOVk?oc=5\" target=\"_blank\" rel=\"nofollow noopener\">Saksamaa karmistas s\u00f5jav\u00e4e-eeskirju: mehed peavad riigist lahkumiseks luba k\u00fcsima<\/a>&nbsp;&nbsp;Maailm &#8211; Postimees.ee<\/li>\n<li><a href=\"https:\/\/news.google.com\/rss\/articles\/CBMilAFBVV95cUxOeXNKZGcyMGlBRko3SThjdFA2VTA5REh3T1FFcTlMU19MMHB2bHdkQ0dTY3lDVXlJcUdYak9tX29uMnZFMlVkMFNNaFlldEd2ako2OUpZbnh2YlZHWmdxdFhSbjVCalpBcm5zX2prbUN5RXo4S3NPUXAteVU0MF9CSHU4dW5SY1FkV24wU0xSRlZLLVFa?oc=5\" target=\"_blank\" rel=\"nofollow noopener\">Saksa mehed peavad riigist lahkumiseks s\u00f5jav\u00e4elt luba k\u00fcsima<\/a>&nbsp;&nbsp;ERR<\/li>\n<li><a href=\"https:\/\/news.google.com\/rss\/articles\/CBMiiwFBVV95cUxNUWt3d010aGxNMVc1QTNTZDN1cFJCaHdodkE5bk84YzNDMUw5QjlSRXROU0Z4ck91b1h2NjNJei01ZW83QkFwZ1pnR2Zsc2F3b0U2STNPYWVsMTNhdnh3aGp1SjhPdENHemItUTJFWkduWVIwTGJrWW9TNGJIak1SRjJscFc5dzRYZFNZ?oc=5\" target=\"_blank\" rel=\"nofollow noopener\">S\u00f5da l\u00e4heneb: Saksamaa keelas meestel riigist lahkumise<\/a>&nbsp;&nbsp;eestinen.fi<\/li>\n<li><a href=\"https:\/\/news.google.com\/rss\/articles\/CBMizAFBVV95cUxPOXBrTDk2TXZlcEpROGlJd2Etd3l6Vnd2TWpMcFFoazcwcDZSRE0zOUJPLTVzRWRBbHNVc1YzSjFrc0Y5OTFrN1lVOEpIV0hrMXVkS0F3V3NhYzY3WGxIV1ItQ1VmWm04dDFqd2JhZ3dWTWN6R0JGMnNuOXRLbERCM1ZnS19SUk9YMjcteXdPbzFGd0lQLTR1cTBqYU9ER1R2RlY0RWN3dEpKLUIzSDc2b3p1c050SnJlUFpzOUQtRUJ6ZC1PRml2VVdqdk0?oc=5\" target=\"_blank\" rel=\"nofollow noopener\">Uue seaduse j\u00e4rgi peavad saksa mehed k\u00fcsima pikaajaliseks v\u00e4lismaal viibimiseks s\u00f5jav\u00e4e luba<\/a>&nbsp;&nbsp;Delfi<\/li>\n<li><a href=\"https:\/\/news.google.com\/rss\/articles\/CBMijgFBVV95cUxPMURoNWNjZTU4dWFub1dqQWlTT280dzNXdmtVbEpIZGZGUS1neWViNV9EY3A3d1Zmei1nY3ZEUlNha3NPN3RGNzhJWnV2VWFKRFFiMlB4T0FlM3hQMmNiZHJ1T2NRNHJ5OGhQUDFJcm90N1lNUUowZVdQc2FMLVpPSHZ2azhQaDYtcXFYWFBB?oc=5\" target=\"_blank\" rel=\"nofollow noopener\">Meedia: Saksamaa karmistas s\u00f5jav\u00e4ekohustuse eeskirju<\/a>&nbsp;&nbsp;\u041c\u041a-\u042d\u0441\u0442\u043e\u043d\u0438\u044f<\/li>\n<\/ol>\n","protected":false},"excerpt":{"rendered":"Saksamaa karmistas s\u00f5jav\u00e4e-eeskirju: mehed peavad riigist lahkumiseks luba k\u00fcsima&nbsp;&nbsp;Maailm &#8211; Postimees.ee Saksa mehed peavad riigist lahkumiseks s\u00f5jav\u00e4elt luba&hellip;\n","protected":false},"author":2,"featured_media":146611,"comment_status":"","ping_status":"","sticky":false,"template":"","format":"standard","meta":{"footnotes":"","_share_on_mastodon":"0"},"categories":[5],"tags":[26,27,7824,37,33,35,34,36,31,32,21,28,29,19,25,18940,51,11771,23,24,22,20,30],"class_list":["post-146610","post","type-post","status-publish","format-standard","has-post-thumbnail","category-uldised-uudised","tag-breaking-news","tag-breakingnews","tag-bundeswehr","tag-ee","tag-eesti","tag-eesti-keel","tag-estonia","tag-estonian","tag-featured-news","tag-featurednews","tag-headlines","tag-latest-news","tag-latestnews","tag-news","tag-populaarseimad-lood","tag-saksa-relvajoud","tag-saksamaa","tag-sojavaekohustus","tag-top-stories","tag-topstories","tag-uldised-uudised","tag-uudised","tag-viimased-uudised"],"share_on_mastodon":{"url":"https:\/\/pubeurope.com\/@ee\/116352822976475777","error":""},"_links":{"self":[{"href":"https:\/\/www.europesays.com\/ee\/wp-json\/wp\/v2\/posts\/146610","targetHints":{"allow":["GET"]}}],"collection":[{"href":"https:\/\/www.europesays.com\/ee\/wp-json\/wp\/v2\/posts"}],"about":[{"href":"https:\/\/www.europesays.com\/ee\/wp-json\/wp\/v2\/types\/post"}],"author":[{"embeddable":true,"href":"https:\/\/www.europesays.com\/ee\/wp-json\/wp\/v2\/users\/2"}],"replies":[{"embeddable":true,"href":"https:\/\/www.europesays.com\/ee\/wp-json\/wp\/v2\/comments?post=146610"}],"version-history":[{"count":0,"href":"https:\/\/www.europesays.com\/ee\/wp-json\/wp\/v2\/posts\/146610\/revisions"}],"wp:featuredmedia":[{"embeddable":true,"href":"https:\/\/www.europesays.com\/ee\/wp-json\/wp\/v2\/media\/146611"}],"wp:attachment":[{"href":"https:\/\/www.europesays.com\/ee\/wp-json\/wp\/v2\/media?parent=146610"}],"wp:term":[{"taxonomy":"category","embeddable":true,"href":"https:\/\/www.europesays.com\/ee\/wp-json\/wp\/v2\/categories?post=146610"},{"taxonomy":"post_tag","embeddable":true,"href":"https:\/\/www.europesays.com\/ee\/wp-json\/wp\/v2\/tags?post=146610"}],"curies":[{"name":"wp","href":"https:\/\/api.w.org\/{rel}","templated":true}]}}