{"id":146640,"date":"2026-04-05T16:34:12","date_gmt":"2026-04-05T16:34:12","guid":{"rendered":"https:\/\/www.europesays.com\/ee\/146640\/"},"modified":"2026-04-05T16:34:12","modified_gmt":"2026-04-05T16:34:12","slug":"flora-u21-kapten-algus-oli-katastroof-parast-levadia-varavat-arkasime-ellu-lehtmets-poolaja-lopus-jaime-vaga-passiivseks-soccernet-ee","status":"publish","type":"post","link":"https:\/\/www.europesays.com\/ee\/146640\/","title":{"rendered":"Flora U21 kapten: algus oli katastroof, p\u00e4rast Levadia v\u00e4ravat \u00e4rkasime ellu (Lehtmets: poolaja l\u00f5pus j\u00e4ime v\u00e4ga passiivseks) &#8211; Soccernet.ee"},"content":{"rendered":"<p><img decoding=\"async\" src=\"https:\/\/www.europesays.com\/ee\/wp-content\/uploads\/2026\/04\/1775398992.jpg\" alt=\"Tallinna Flora U21 m\u00e4ngijad. Foto: Katariina Peetson \/ jalgpall.ee (arhiiv)\"\/>&#13;\n<\/p>\n<p>Tallinna Flora U21 kapten Joosep Palts r\u00e4\u00e4kis p\u00e4rast kaotusseisust v\u00f5etud 3:1 v\u00f5itu Tallinna Levadia U21 \u00fcle, et kohtumise algus oli florakate esituses katastroofiline, aga vastaste v\u00e4rav \u00e4ratas m\u00e4ngijad justkui ellu.<\/p>\n<p>&#8220;Keeruline m\u00e4ng. Esimesed k\u00fcmme minutit oli p\u00e4ris katatsroof &#8211; suhteliselt pikalt magasime ja Levadia sai v\u00e4rava k\u00e4tte. P\u00e4rast v\u00e4ravat \u00e4rkasime ellu. M\u00e4ngisime tegelikult p\u00e4ris h\u00e4sti, tekitasime momente ja l\u00f5ime \u00e4ra. Teine poolaeg oli \u00fcsna Levadia poolel, kuni kolmanda v\u00e4ravani, aga p\u00e4rast v\u00e4ravat j\u00e4llegi meie poolel. Nii et oli selline edasi-tagasi m\u00e4ng,&#8221; kommenteeris Palts Soccernet TV-le.&#13;\n<\/p>\n<p>Esimese k\u00fcmne minuti kohta t\u00e4psustas ta: &#8220;Me alustasime \u00fcsna passiivselt. Tegelikult oleksime pidanud kohe alguses panema peale tempo, panema k\u00e4ima kiired s\u00f6\u00f6dud ja \u00e4\u00e4revahetused. V\u00f5tsime endale liiga palju aega ja ma arvan, et selle pealt tuligi v\u00e4rav.&#8221;&#13;\n<\/p>\n<p>Mida florakad vaheajal riietusruumis arutasid? &#8220;Kordasime lihtsad asjad \u00fcle &#8211; et j\u00e4tkuksid need liini taha jooksud, mida r\u00fcndajad tegid t\u00e4na v\u00e4ga h\u00e4sti ja mis toimisid. Otseselt mingit uut infot ei tulnud, sest tegelikult me k\u00f5ik teadsime, mida peame tegema,&#8221; vastas Palts.<\/p>\n<p>Levadia v\u00e4rava autor Gregor Lehtmets: &#8220;K\u00f5igepealt kiidaksin Flora poisse. Meil ei olnud \u00fcldse lihtne lahing. Alguses oleksime muidugi v\u00f5inud m\u00f5ne rohkem \u00e4ra l\u00fc\u00fca, siis oleksime v\u00f5ib-olla minema saanud.&#8221;&#13;\n<\/p>\n<p>Enda tabamust kommenteeris Lehtmets nii: &#8220;Ega ma ise t\u00e4pselt aru ei saanud &#8211; sealt tuli mingi tsenderdus, ma olin \u00f5igel ajal \u00f5iges kohas, panin jala vastu ja pall oli v\u00f5rgus.&#8221;&#13;\n<\/p>\n<p>&#8220;Me j\u00e4ime esimese poolaja l\u00f5pus v\u00e4ga passiivseks ja me ei r\u00e4\u00e4kinud v\u00e4ljakul. See tuleb j\u00e4rgmiseks m\u00e4nguks kindlasti korda teha! Raske oli,&#8221; t\u00f5des r\u00fcndaja.&#13;\n<\/p>\n<p>Millest teisel poolajal puudu j\u00e4i? &#8220;Oleksime pidanud \u00e4ra l\u00f6\u00f6ma, mul endalgi oli l\u00f5pus moment. Ja no nii lihtsaid v\u00e4ravaid ei saa lasta, nagu me teisel poolajal lasime. Nii see on, et kui ise ei l\u00f6\u00f6, l\u00fc\u00fcakse sulle,&#8221; vastas Lehtmets.<\/p>\n<p>Nelja vooru j\u00e4rel paikneb Flora U21 Esiliigas kuue punktiga viiendal kohal, Levadia U21 asub kolme punktiga kaheksandal positsioonil.                         <\/p>\n","protected":false},"excerpt":{"rendered":"&#13; Tallinna Flora U21 kapten Joosep Palts r\u00e4\u00e4kis p\u00e4rast kaotusseisust v\u00f5etud 3:1 v\u00f5itu Tallinna Levadia U21 \u00fcle, et&hellip;\n","protected":false},"author":2,"featured_media":146641,"comment_status":"","ping_status":"","sticky":false,"template":"","format":"standard","meta":{"footnotes":"","_share_on_mastodon":"0"},"categories":[18],"tags":[37,33,35,1466,34,36,2326,16090,454,68527,16093,2328,28977,159,158,4107,13373],"class_list":["post-146640","post","type-post","status-publish","format-standard","has-post-thumbnail","category-sport","tag-ee","tag-eesti","tag-eesti-keel","tag-esiliiga","tag-estonia","tag-estonian","tag-flora-u21","tag-gregor-lehtmets","tag-jarelkaja","tag-joosep-palts","tag-lehtmets","tag-levadia-u21","tag-palts","tag-sport","tag-sports","tag-tallinna-fc-flora-u21","tag-tallinna-fci-levadia-u21"],"share_on_mastodon":{"url":"https:\/\/pubeurope.com\/@ee\/116353071332937799","error":""},"_links":{"self":[{"href":"https:\/\/www.europesays.com\/ee\/wp-json\/wp\/v2\/posts\/146640","targetHints":{"allow":["GET"]}}],"collection":[{"href":"https:\/\/www.europesays.com\/ee\/wp-json\/wp\/v2\/posts"}],"about":[{"href":"https:\/\/www.europesays.com\/ee\/wp-json\/wp\/v2\/types\/post"}],"author":[{"embeddable":true,"href":"https:\/\/www.europesays.com\/ee\/wp-json\/wp\/v2\/users\/2"}],"replies":[{"embeddable":true,"href":"https:\/\/www.europesays.com\/ee\/wp-json\/wp\/v2\/comments?post=146640"}],"version-history":[{"count":0,"href":"https:\/\/www.europesays.com\/ee\/wp-json\/wp\/v2\/posts\/146640\/revisions"}],"wp:featuredmedia":[{"embeddable":true,"href":"https:\/\/www.europesays.com\/ee\/wp-json\/wp\/v2\/media\/146641"}],"wp:attachment":[{"href":"https:\/\/www.europesays.com\/ee\/wp-json\/wp\/v2\/media?parent=146640"}],"wp:term":[{"taxonomy":"category","embeddable":true,"href":"https:\/\/www.europesays.com\/ee\/wp-json\/wp\/v2\/categories?post=146640"},{"taxonomy":"post_tag","embeddable":true,"href":"https:\/\/www.europesays.com\/ee\/wp-json\/wp\/v2\/tags?post=146640"}],"curies":[{"name":"wp","href":"https:\/\/api.w.org\/{rel}","templated":true}]}}