{"id":146986,"date":"2026-04-06T07:07:12","date_gmt":"2026-04-06T07:07:12","guid":{"rendered":"https:\/\/www.europesays.com\/ee\/146986\/"},"modified":"2026-04-06T07:07:12","modified_gmt":"2026-04-06T07:07:12","slug":"video-nooruke-cooper-flagg-kordas-lakersi-vastu-allen-iversoni-saavutust","status":"publish","type":"post","link":"https:\/\/www.europesays.com\/ee\/146986\/","title":{"rendered":"VIDEO | Nooruke Cooper Flagg kordas Lakersi vastu Allen Iversoni saavutust"},"content":{"rendered":"<p>Flagg viskas \u00fcle 40 punkti teist m\u00e4ngu j\u00e4rjest ning t\u00f5usis selle saavutusega alles profiliiga teiseks rookie`ks, kes on seda suutnud. Seni oli ainsa uustulnukana kahes j\u00e4rjestikuses m\u00e4ngus \u00fcle 40 punkti visanud Allen Iverson 1996\/97 hooajal.<\/p>\n<p>Flagg oli eelmises m\u00e4ngus Orlando Magicu vastu kogunud lausa 51 punkti, t\u00f5ustes sellega \u00fchtlasi NBA noorimaks 50 punkti piiri \u00fcletanud m\u00e4ngijaks.<\/p>\n<p>Lakersi vastu oli Flagg l\u00e4hedal kolmikduublile, sest ta jagas lisaks 45 punktile ka \u00fcheksa resultatiivset s\u00f6\u00f6tu ja v\u00f5ttis kaheksa lauapalli. <\/p>\n<p>Luka Doncicita m\u00e4nginud Lakersi poolel oli parim vanameister <a rel=\"noopener nofollow\" target=\"_blank\" href=\"https:\/\/www.delfi.ee\/teema\/56497512\/lebron-james\" tag-id=\"56497512\">LeBron James<\/a>, kes kogus 30 punkti ja 15 resultaiivset s\u00f6\u00f6tu. <\/p>\n<p>Kaotus kukutas Lakersi (50-28) l\u00e4\u00e4nekonverentsis <a rel=\"noopener nofollow\" target=\"_blank\" href=\"https:\/\/www.delfi.ee\/teema\/56498084\/denver-nuggets\" tag-id=\"56498084\">Denver Nuggetsi<\/a> k\u00f5rvale, kellega jagatakse n\u00fc\u00fcd 3.-4. kohta. Mavericksi  (25-53) lootused play-off`i j\u00f5uda on juba kustunud.<\/p>\n<p>Kuidas see lugu Sind end tundma pani? Saada <a href=\"https:\/\/sport.delfi.ee\/a\/120565678\/video-nooruke-cooper-flagg-kordas-lakersi-vastu-allen-iversoni-saavutust\/kommentaarid\" class=\"article-body-bottom__comment article-body-bottom__comment--write button button--primary button--size-auto\" rel=\"nofollow noopener\" target=\"_blank\"> Kommenteeri <\/a><a href=\"https:\/\/sport.delfi.ee\/a\/120565678\/video-nooruke-cooper-flagg-kordas-lakersi-vastu-allen-iversoni-saavutust\/kommentaarid\" class=\"article-body-bottom__comment article-body-bottom__comment--read button button--size-auto\" rel=\"nofollow noopener\" target=\"_blank\"> Loe kommentaare (1)<\/a><\/p>\n","protected":false},"excerpt":{"rendered":"Flagg viskas \u00fcle 40 punkti teist m\u00e4ngu j\u00e4rjest ning t\u00f5usis selle saavutusega alles profiliiga teiseks rookie`ks, kes on&hellip;\n","protected":false},"author":2,"featured_media":146987,"comment_status":"","ping_status":"","sticky":false,"template":"","format":"standard","meta":{"footnotes":"","_share_on_mastodon":"0"},"categories":[18],"tags":[11321,13487,37,33,35,34,36,7833,7834,4391,159,158],"class_list":["post-146986","post","type-post","status-publish","format-standard","has-post-thumbnail","category-sport","tag-cooper-flagg","tag-denver-nuggets","tag-ee","tag-eesti","tag-eesti-keel","tag-estonia","tag-estonian","tag-lebron-james","tag-los-angeles-lakers","tag-nba","tag-sport","tag-sports"],"share_on_mastodon":{"url":"https:\/\/pubeurope.com\/@ee\/116356503694691436","error":""},"_links":{"self":[{"href":"https:\/\/www.europesays.com\/ee\/wp-json\/wp\/v2\/posts\/146986","targetHints":{"allow":["GET"]}}],"collection":[{"href":"https:\/\/www.europesays.com\/ee\/wp-json\/wp\/v2\/posts"}],"about":[{"href":"https:\/\/www.europesays.com\/ee\/wp-json\/wp\/v2\/types\/post"}],"author":[{"embeddable":true,"href":"https:\/\/www.europesays.com\/ee\/wp-json\/wp\/v2\/users\/2"}],"replies":[{"embeddable":true,"href":"https:\/\/www.europesays.com\/ee\/wp-json\/wp\/v2\/comments?post=146986"}],"version-history":[{"count":0,"href":"https:\/\/www.europesays.com\/ee\/wp-json\/wp\/v2\/posts\/146986\/revisions"}],"wp:featuredmedia":[{"embeddable":true,"href":"https:\/\/www.europesays.com\/ee\/wp-json\/wp\/v2\/media\/146987"}],"wp:attachment":[{"href":"https:\/\/www.europesays.com\/ee\/wp-json\/wp\/v2\/media?parent=146986"}],"wp:term":[{"taxonomy":"category","embeddable":true,"href":"https:\/\/www.europesays.com\/ee\/wp-json\/wp\/v2\/categories?post=146986"},{"taxonomy":"post_tag","embeddable":true,"href":"https:\/\/www.europesays.com\/ee\/wp-json\/wp\/v2\/tags?post=146986"}],"curies":[{"name":"wp","href":"https:\/\/api.w.org\/{rel}","templated":true}]}}