{"id":147113,"date":"2026-04-06T09:11:08","date_gmt":"2026-04-06T09:11:08","guid":{"rendered":"https:\/\/www.europesays.com\/ee\/147113\/"},"modified":"2026-04-06T09:11:08","modified_gmt":"2026-04-06T09:11:08","slug":"eesti-kinodesse-jouab-parima-animafilmi-oscari-nominent-vaike-amelie-film","status":"publish","type":"post","link":"https:\/\/www.europesays.com\/ee\/147113\/","title":{"rendered":"Eesti kinodesse j\u00f5uab parima animafilmi Oscari nominent &#8220;V\u00e4ike Amelie&#8221; | Film"},"content":{"rendered":"<p>Sel n\u00e4dalal j\u00f5uab Eesti kinolevisse prantsuse re\u017eiss\u00f6\u00f6ride Ma\u00eflys Vallade ja Liane-Cho Hani t\u00e4ispikk animatsioon &#8220;V\u00e4ike Amelie&#8221; (&#8220;Am\u00e9lie et la m\u00e9taphysique des tubes&#8221;), mis oli t\u00e4navu nomineeritud ka parima animafilmi Oscarile.<\/p>\n<p>Am\u00e9lie on v\u00e4ike Belgia t\u00fcdruk, kes on s\u00fcndinud Jaapanis. T\u00e4nu oma heale s\u00f5brale Nishio-sanile on iga p\u00e4ev t\u00e4is seiklusi, uusi avastusi ja r\u00f5\u00f5msaid \u00fcllatusi. Tema s\u00fcnnip\u00e4eval juhtub midagi, mis muudab tema maailma. Selles vanuses on k\u00f5ik v\u00e4ga suur \u2013 nii \u00f5nn kui ka kurbus, ja Am\u00e9lie \u00f5pib, et \u00fcksainus hetk v\u00f5ib muuta terve p\u00e4eva, m\u00f5ne m\u00f5tte v\u00f5i isegi kogu elu. See on lugu v\u00e4ikesest t\u00fcdrukust, kes avastab maailma kogu selle ilu, segaduse ja maagilise haprusega.<\/p>\n<p>&#8220;V\u00e4ike Amelia&#8221;, mis p\u00f5hineb kirjanik Am\u00e9lie Nothombi samanimelisel romaanil, esilinastus m\u00f6\u00f6dunud aastal Cannes&#8217;i filmifestivalil ning v\u00f5itis Annecy animafilmide festivalil publikuauhinna. Parima t\u00e4ispika animatsiooni Oscari k\u00f5rval oli &#8220;V\u00e4ike Amelia&#8221; nomineeritud ka Kuldgloobustel ja Euroopa filmiauhindadel.<\/p>\n<p>Eesti kinodesse j\u00f5uab &#8220;V\u00e4ike Amelie&#8221; dubleerituna, h\u00e4\u00e4ln\u00e4itlejatena l\u00f5id kaasa Priit \u00d6\u00f6vel, Mattias \u00d6\u00f6vel, Merit M\u00e4nniste, Kristiine Truu, Kristi Aule, Andrus Kasesalu jt.<\/p>\n","protected":false},"excerpt":{"rendered":"Sel n\u00e4dalal j\u00f5uab Eesti kinolevisse prantsuse re\u017eiss\u00f6\u00f6ride Ma\u00eflys Vallade ja Liane-Cho Hani t\u00e4ispikk animatsioon &#8220;V\u00e4ike Amelie&#8221; (&#8220;Am\u00e9lie et&hellip;\n","protected":false},"author":2,"featured_media":147114,"comment_status":"","ping_status":"","sticky":false,"template":"","format":"standard","meta":{"footnotes":"","_share_on_mastodon":"0"},"categories":[12],"tags":[26,27,37,33,35,34,36,31,32,208,21,28,29,19,30795,25,23,24,22,20,68806,30],"class_list":["post-147113","post","type-post","status-publish","format-standard","has-post-thumbnail","category-eesti","tag-breaking-news","tag-breakingnews","tag-ee","tag-eesti","tag-eesti-keel","tag-estonia","tag-estonian","tag-featured-news","tag-featurednews","tag-film","tag-headlines","tag-latest-news","tag-latestnews","tag-news","tag-oscarid","tag-populaarseimad-lood","tag-top-stories","tag-topstories","tag-uldised-uudised","tag-uudised","tag-vaike-amelie","tag-viimased-uudised"],"share_on_mastodon":{"url":"https:\/\/pubeurope.com\/@ee\/116356991146981736","error":""},"_links":{"self":[{"href":"https:\/\/www.europesays.com\/ee\/wp-json\/wp\/v2\/posts\/147113","targetHints":{"allow":["GET"]}}],"collection":[{"href":"https:\/\/www.europesays.com\/ee\/wp-json\/wp\/v2\/posts"}],"about":[{"href":"https:\/\/www.europesays.com\/ee\/wp-json\/wp\/v2\/types\/post"}],"author":[{"embeddable":true,"href":"https:\/\/www.europesays.com\/ee\/wp-json\/wp\/v2\/users\/2"}],"replies":[{"embeddable":true,"href":"https:\/\/www.europesays.com\/ee\/wp-json\/wp\/v2\/comments?post=147113"}],"version-history":[{"count":0,"href":"https:\/\/www.europesays.com\/ee\/wp-json\/wp\/v2\/posts\/147113\/revisions"}],"wp:featuredmedia":[{"embeddable":true,"href":"https:\/\/www.europesays.com\/ee\/wp-json\/wp\/v2\/media\/147114"}],"wp:attachment":[{"href":"https:\/\/www.europesays.com\/ee\/wp-json\/wp\/v2\/media?parent=147113"}],"wp:term":[{"taxonomy":"category","embeddable":true,"href":"https:\/\/www.europesays.com\/ee\/wp-json\/wp\/v2\/categories?post=147113"},{"taxonomy":"post_tag","embeddable":true,"href":"https:\/\/www.europesays.com\/ee\/wp-json\/wp\/v2\/tags?post=147113"}],"curies":[{"name":"wp","href":"https:\/\/api.w.org\/{rel}","templated":true}]}}