{"id":147267,"date":"2026-04-06T11:53:07","date_gmt":"2026-04-06T11:53:07","guid":{"rendered":"https:\/\/www.europesays.com\/ee\/147267\/"},"modified":"2026-04-06T11:53:07","modified_gmt":"2026-04-06T11:53:07","slug":"alika-repertuaari-ilmus-ootamatult-venekeelne-singel-jalle-juhtus-mingi-mix-up","status":"publish","type":"post","link":"https:\/\/www.europesays.com\/ee\/147267\/","title":{"rendered":"Alika repertuaari ilmus ootamatult venekeelne singel. \u201eJ\u00e4lle juhtus mingi mix up\u201c"},"content":{"rendered":"<p>Alika Milova ehk muusikavaldkonnas lihtsal Alika Spotify lugude sekka ilmus eelmisel reedel venekeelne laul \u201eJa hot\u0161u\u201c (\u201eMa tahan\u201c), kuna \u00fchel esitajal on temaga sama nimi. Alika Milovaga pole muusikapalal aga mingisugust pistmist.<\/p>\n<p>Segadusest teavitas muusik oma kuulajaid \u00fchismeedias. Ta s\u00f5nas m\u00f6\u00f6dunud p\u00fchadel: \u201eJ\u00e4lle juhtus mingi mix up (segadus \u2013 toim). Ei, see ei ole minu laul.\u201c<\/p>\n<p>Singel on Alika Milova konto alt kuulatav ka kolm p\u00e4eva hiljem.<\/p>\n<p>See pole sugugi esimene kord, kui Alikal oma artistinime t\u00f5ttu Spotifys segadus tekib. 2024. aasta suvel juhtus nii, et tema r\u00e4ppar villemdrillemiga tehtud singel \u201emis minuga saab?\u201c ilmus hoopis samanimelise Hispaania artisti Spotify kontole.<\/p>\n<p>\u201ePean tunnistama, et see pani mind v\u00e4ga kurvana tundma. Ma panustasin sellesse loosse palju ja tahtsin, et see ilmuks planeeritud kujul, aga kahjuks nii ei l\u00e4inud,\u201c r\u00e4\u00e4kis Alika toona sotsiaalmeedias.<\/p>\n<p>Kuidas see lugu Sind end tundma pani? Saada <a href=\"https:\/\/kroonika.delfi.ee\/artikkel\/120565824\/alika-repertuaari-ilmus-ootamatult-venekeelne-singel-jalle-juhtus-mingi-mix-up\/kommentaarid\" class=\"article-body-bottom__comment article-body-bottom__comment--write button button--primary button--size-auto\" rel=\"nofollow noopener\" target=\"_blank\"> Kommenteeri <\/a><a href=\"https:\/\/kroonika.delfi.ee\/artikkel\/120565824\/alika-repertuaari-ilmus-ootamatult-venekeelne-singel-jalle-juhtus-mingi-mix-up\/kommentaarid\" class=\"article-body-bottom__comment article-body-bottom__comment--read button button--size-auto\" rel=\"nofollow noopener\" target=\"_blank\"> Loe kommentaare (3)<\/a><\/p>\n","protected":false},"excerpt":{"rendered":"Alika Milova ehk muusikavaldkonnas lihtsal Alika Spotify lugude sekka ilmus eelmisel reedel venekeelne laul \u201eJa hot\u0161u\u201c (\u201eMa tahan\u201c),&hellip;\n","protected":false},"author":2,"featured_media":147268,"comment_status":"","ping_status":"","sticky":false,"template":"","format":"standard","meta":{"footnotes":"","_share_on_mastodon":"0"},"categories":[16],"tags":[4101,4763,37,33,35,173,34,36,140],"class_list":["post-147267","post","type-post","status-publish","format-standard","has-post-thumbnail","category-meelelahutus","tag-alika","tag-alika-milova","tag-ee","tag-eesti","tag-eesti-keel","tag-entertainment","tag-estonia","tag-estonian","tag-meelelahutus"],"share_on_mastodon":{"url":"https:\/\/pubeurope.com\/@ee\/116357628302095838","error":""},"_links":{"self":[{"href":"https:\/\/www.europesays.com\/ee\/wp-json\/wp\/v2\/posts\/147267","targetHints":{"allow":["GET"]}}],"collection":[{"href":"https:\/\/www.europesays.com\/ee\/wp-json\/wp\/v2\/posts"}],"about":[{"href":"https:\/\/www.europesays.com\/ee\/wp-json\/wp\/v2\/types\/post"}],"author":[{"embeddable":true,"href":"https:\/\/www.europesays.com\/ee\/wp-json\/wp\/v2\/users\/2"}],"replies":[{"embeddable":true,"href":"https:\/\/www.europesays.com\/ee\/wp-json\/wp\/v2\/comments?post=147267"}],"version-history":[{"count":0,"href":"https:\/\/www.europesays.com\/ee\/wp-json\/wp\/v2\/posts\/147267\/revisions"}],"wp:featuredmedia":[{"embeddable":true,"href":"https:\/\/www.europesays.com\/ee\/wp-json\/wp\/v2\/media\/147268"}],"wp:attachment":[{"href":"https:\/\/www.europesays.com\/ee\/wp-json\/wp\/v2\/media?parent=147267"}],"wp:term":[{"taxonomy":"category","embeddable":true,"href":"https:\/\/www.europesays.com\/ee\/wp-json\/wp\/v2\/categories?post=147267"},{"taxonomy":"post_tag","embeddable":true,"href":"https:\/\/www.europesays.com\/ee\/wp-json\/wp\/v2\/tags?post=147267"}],"curies":[{"name":"wp","href":"https:\/\/api.w.org\/{rel}","templated":true}]}}