{"id":147374,"date":"2026-04-06T13:48:08","date_gmt":"2026-04-06T13:48:08","guid":{"rendered":"https:\/\/www.europesays.com\/ee\/147374\/"},"modified":"2026-04-06T13:48:08","modified_gmt":"2026-04-06T13:48:08","slug":"teisipaeva-oosel-voib-mandril-lund-sadada-ilmajaam","status":"publish","type":"post","link":"https:\/\/www.europesays.com\/ee\/147374\/","title":{"rendered":"Teisip\u00e4eva \u00f6\u00f6sel v\u00f5ib mandril lund sadada &#8211; Ilmajaam"},"content":{"rendered":"<ol>\n<li><a href=\"https:\/\/news.google.com\/rss\/articles\/CBMihgFBVV95cUxQZHR4ek5RTGJxZW5jdE4wNG1DTWxBVHhWNWxKRUZsRUxMVkthLTExR3JaaFBvNGNpVVA1X2kwc2h0SU9nc3pQV1pEREhBQlNnNlEwQUZFUW9oOXJhazU3M09LTi14WFRDc1dWZkVkd1hyYjR6SDNiSGFyZXVEVWk0Y1RrZ1U0dw?oc=5\" target=\"_blank\" rel=\"nofollow noopener\">Teisip\u00e4eva \u00f6\u00f6sel v\u00f5ib mandril lund sadada<\/a>&nbsp;&nbsp;Ilmajaam<\/li>\n<li><a href=\"https:\/\/news.google.com\/rss\/articles\/CBMitAFBVV95cUxPbE0xT25XbEtMNFFuckpjVnBCQXVYazVmTGhzM3JmeHVuQlluQzdqR1ozb3NMMFJPNkF2ZnZZc2hhOXJPY3lzRUpvRnJUdHJQdHVnUkx1ZzhIWmhRNDFqRWZIenk2YTlBUFEtc084UzFvWC1NeFNzZUIyOHZpZUtsVUxpb2RLYVRMeGtoTFlpSjBwSHZucnBtWEkwUVZZOEFfcTNaamlwTUVuaC1GRFJ2aHo1ck8?oc=5\" target=\"_blank\" rel=\"nofollow noopener\">ILMATEADE | J\u00e4rgnevad p\u00e4evad toovad sademeid ja jahedaid \u00f5hutemperatuure<\/a>&nbsp;&nbsp;Maaleht<\/li>\n<li><a href=\"https:\/\/news.google.com\/rss\/articles\/CBMiP0FVX3lxTE5NZ0tGaEhTZ1BNcFpadGd0VjZYVVppZzVra0piWG5nc0cwejBadnlaRkRDRUtJbTRiSGxtUWgySQ?oc=5\" target=\"_blank\" rel=\"nofollow noopener\">Teisip\u00e4eval v\u00f5ib sadada vihma<\/a>&nbsp;&nbsp;Uudis.net<\/li>\n<li><a href=\"https:\/\/news.google.com\/rss\/articles\/CBMiP0FVX3lxTE02UGpxSzY5RlJoSFN6NFQ5ZGJtSFVqZGZBNEVadzZsYnJ3S1BQaTZ5NmZBN2psU1N1MUdITm5GVQ?oc=5\" target=\"_blank\" rel=\"nofollow noopener\">ILM: Esmasp\u00e4ev \u2013 Sajab vihma ja l\u00f6rtsi, \u00f5hutemperatuur on 0..+7\u00b0C.<\/a>&nbsp;&nbsp;Uudis.net<\/li>\n<li><a href=\"https:\/\/news.google.com\/rss\/articles\/CBMiggFBVV95cUxOS2dvRkRJZHlUdWZVQktvWUZVSWtTQkdWTjg4QXNkS2JEaGZzNUo1anhod3pFdmU4VXNYYjZsamduZVFxemJtWXVxck5uNjItam5BTkM5RkNzMVpvQ0ZLZ3lyV01Ec2xKeHE5QVROenZTS1RGOVFyN1RMck1hV1Nwc0RB?oc=5\" target=\"_blank\" rel=\"nofollow noopener\">Teisip\u00e4eval tuleb kuni 12 kraadi sooja<\/a>&nbsp;&nbsp;Ilmajaam<\/li>\n<\/ol>\n","protected":false},"excerpt":{"rendered":"Teisip\u00e4eva \u00f6\u00f6sel v\u00f5ib mandril lund sadada&nbsp;&nbsp;Ilmajaam ILMATEADE | J\u00e4rgnevad p\u00e4evad toovad sademeid ja jahedaid \u00f5hutemperatuure&nbsp;&nbsp;Maaleht Teisip\u00e4eval v\u00f5ib sadada&hellip;\n","protected":false},"author":2,"featured_media":147375,"comment_status":"","ping_status":"","sticky":false,"template":"","format":"standard","meta":{"footnotes":"","_share_on_mastodon":"0"},"categories":[12],"tags":[26,27,37,33,35,34,36,31,32,21,28,29,7430,8118,19,25,23,24,22,20,30],"class_list":["post-147374","post","type-post","status-publish","format-standard","has-post-thumbnail","category-eesti","tag-breaking-news","tag-breakingnews","tag-ee","tag-eesti","tag-eesti-keel","tag-estonia","tag-estonian","tag-featured-news","tag-featurednews","tag-headlines","tag-latest-news","tag-latestnews","tag-lorts","tag-lumi","tag-news","tag-populaarseimad-lood","tag-top-stories","tag-topstories","tag-uldised-uudised","tag-uudised","tag-viimased-uudised"],"share_on_mastodon":{"url":"https:\/\/pubeurope.com\/@ee\/116358080353817027","error":""},"_links":{"self":[{"href":"https:\/\/www.europesays.com\/ee\/wp-json\/wp\/v2\/posts\/147374","targetHints":{"allow":["GET"]}}],"collection":[{"href":"https:\/\/www.europesays.com\/ee\/wp-json\/wp\/v2\/posts"}],"about":[{"href":"https:\/\/www.europesays.com\/ee\/wp-json\/wp\/v2\/types\/post"}],"author":[{"embeddable":true,"href":"https:\/\/www.europesays.com\/ee\/wp-json\/wp\/v2\/users\/2"}],"replies":[{"embeddable":true,"href":"https:\/\/www.europesays.com\/ee\/wp-json\/wp\/v2\/comments?post=147374"}],"version-history":[{"count":0,"href":"https:\/\/www.europesays.com\/ee\/wp-json\/wp\/v2\/posts\/147374\/revisions"}],"wp:featuredmedia":[{"embeddable":true,"href":"https:\/\/www.europesays.com\/ee\/wp-json\/wp\/v2\/media\/147375"}],"wp:attachment":[{"href":"https:\/\/www.europesays.com\/ee\/wp-json\/wp\/v2\/media?parent=147374"}],"wp:term":[{"taxonomy":"category","embeddable":true,"href":"https:\/\/www.europesays.com\/ee\/wp-json\/wp\/v2\/categories?post=147374"},{"taxonomy":"post_tag","embeddable":true,"href":"https:\/\/www.europesays.com\/ee\/wp-json\/wp\/v2\/tags?post=147374"}],"curies":[{"name":"wp","href":"https:\/\/api.w.org\/{rel}","templated":true}]}}