{"id":147442,"date":"2026-04-06T15:07:07","date_gmt":"2026-04-06T15:07:07","guid":{"rendered":"https:\/\/www.europesays.com\/ee\/147442\/"},"modified":"2026-04-06T15:07:07","modified_gmt":"2026-04-06T15:07:07","slug":"parnu-lennujaama-rohetehase-plaanid-tekitavad-kohalikes-vastakaid-tundeid","status":"publish","type":"post","link":"https:\/\/www.europesays.com\/ee\/147442\/","title":{"rendered":"P\u00e4rnu lennujaama rohetehase plaanid tekitavad kohalikes vastakaid tundeid"},"content":{"rendered":"<p>P\u00e4rnu lennujaama naabrusse kavandatav e-metanooli tehas lubab muuta unise regionaallennujaama rohep\u00f6\u00f6rde katsepol\u00fcgooniks. Singapuri investori plaan seob lennuv\u00e4lja k\u00f5rval p\u00e4ikesepargi, tuuleenergia ja biogaasijaamad \u00fchte tarneahelasse, mille l\u00f5pptooteks oleks rohek\u00fctus meretranspordile.<\/p>\n<p>Koos lubadustega uuest t\u00f6\u00f6stusest, t\u00f6\u00f6kohtadest ja j\u00e4\u00e4ksoojusest kerkivad k\u00fcsimused: kui suur on keskkonnam\u00f5ju, kuidas m\u00f5jutab projekt vee ja energia hinda ning millise hinnaga tuleb kogukonnal selleks \u00fcmber harjuda?<\/p>\n","protected":false},"excerpt":{"rendered":"P\u00e4rnu lennujaama naabrusse kavandatav e-metanooli tehas lubab muuta unise regionaallennujaama rohep\u00f6\u00f6rde katsepol\u00fcgooniks. Singapuri investori plaan seob lennuv\u00e4lja k\u00f5rval&hellip;\n","protected":false},"author":2,"featured_media":147443,"comment_status":"","ping_status":"","sticky":false,"template":"","format":"standard","meta":{"footnotes":"","_share_on_mastodon":"0"},"categories":[5],"tags":[26,27,69121,35020,37,33,35,34,36,31,32,21,28,29,19,12217,69120,25,23,24,12970,22,20,30],"class_list":["post-147442","post","type-post","status-publish","format-standard","has-post-thumbnail","category-uldised-uudised","tag-breaking-news","tag-breakingnews","tag-destiny-energy","tag-e-metanooli-tehas","tag-ee","tag-eesti","tag-eesti-keel","tag-estonia","tag-estonian","tag-featured-news","tag-featurednews","tag-headlines","tag-latest-news","tag-latestnews","tag-news","tag-parnu-lennujaam","tag-parnu-p2x-hub","tag-populaarseimad-lood","tag-top-stories","tag-topstories","tag-tori-vald","tag-uldised-uudised","tag-uudised","tag-viimased-uudised"],"share_on_mastodon":{"url":"https:\/\/pubeurope.com\/@ee\/116358390924593851","error":""},"_links":{"self":[{"href":"https:\/\/www.europesays.com\/ee\/wp-json\/wp\/v2\/posts\/147442","targetHints":{"allow":["GET"]}}],"collection":[{"href":"https:\/\/www.europesays.com\/ee\/wp-json\/wp\/v2\/posts"}],"about":[{"href":"https:\/\/www.europesays.com\/ee\/wp-json\/wp\/v2\/types\/post"}],"author":[{"embeddable":true,"href":"https:\/\/www.europesays.com\/ee\/wp-json\/wp\/v2\/users\/2"}],"replies":[{"embeddable":true,"href":"https:\/\/www.europesays.com\/ee\/wp-json\/wp\/v2\/comments?post=147442"}],"version-history":[{"count":0,"href":"https:\/\/www.europesays.com\/ee\/wp-json\/wp\/v2\/posts\/147442\/revisions"}],"wp:featuredmedia":[{"embeddable":true,"href":"https:\/\/www.europesays.com\/ee\/wp-json\/wp\/v2\/media\/147443"}],"wp:attachment":[{"href":"https:\/\/www.europesays.com\/ee\/wp-json\/wp\/v2\/media?parent=147442"}],"wp:term":[{"taxonomy":"category","embeddable":true,"href":"https:\/\/www.europesays.com\/ee\/wp-json\/wp\/v2\/categories?post=147442"},{"taxonomy":"post_tag","embeddable":true,"href":"https:\/\/www.europesays.com\/ee\/wp-json\/wp\/v2\/tags?post=147442"}],"curies":[{"name":"wp","href":"https:\/\/api.w.org\/{rel}","templated":true}]}}