{"id":147487,"date":"2026-04-06T16:02:07","date_gmt":"2026-04-06T16:02:07","guid":{"rendered":"https:\/\/www.europesays.com\/ee\/147487\/"},"modified":"2026-04-06T16:02:07","modified_gmt":"2026-04-06T16:02:07","slug":"politsei-otsib-tartus-kadunud-58-aastast-meelist","status":"publish","type":"post","link":"https:\/\/www.europesays.com\/ee\/147487\/","title":{"rendered":"Politsei otsib Tartus kadunud 58-aastast Meelist"},"content":{"rendered":"<p class=\"x_MsoNormal\">Meelis lahkus t\u00e4na l\u00f5una paiku Tartus, Kase t\u00e4naval asuvast hooldekodust ning ei ole sinna seni naasnud. Politsei on hetkel kontrollinud tema v\u00f5imalikke viimiskohti, kuid ei ole seni meest leitud.<\/p>\n<p class=\"x_MsoNormal\">Meelis on umbes 170 sentimeetrit pikk ja k\u00f5hna kehaehitusega. Tal on hallid lokkis juuksed, hall habe ja vuntsid. Seljas on tal tumedam roheline jope. Ta v\u00f5ib ringi liikuda taarakottidega.<\/p>\n<p class=\"x_MsoNormal\">Politsei palub k\u00f5igil, kes on Meelist n\u00e4inud v\u00f5i teavad tema asukohta, anda sellest kohe teada helistades numbril 112.<\/p>\n","protected":false},"excerpt":{"rendered":"Meelis lahkus t\u00e4na l\u00f5una paiku Tartus, Kase t\u00e4naval asuvast hooldekodust ning ei ole sinna seni naasnud. Politsei on&hellip;\n","protected":false},"author":2,"featured_media":147488,"comment_status":"","ping_status":"","sticky":false,"template":"","format":"standard","meta":{"footnotes":"","_share_on_mastodon":"0"},"categories":[5],"tags":[36343,69158,69167,26,27,37,33,35,34,36,31,32,69164,69163,21,3075,69161,69159,2736,5714,69160,28,29,69162,19,45607,353,25,69165,69166,249,58665,23,24,22,20,30],"class_list":["post-147487","post","type-post","status-publish","format-standard","has-post-thumbnail","category-uldised-uudised","tag-36343","tag-58-aastane-meelis","tag-abipalve-avalikkusele","tag-breaking-news","tag-breakingnews","tag-ee","tag-eesti","tag-eesti-keel","tag-estonia","tag-estonian","tag-featured-news","tag-featurednews","tag-hall-habe","tag-hallid-lokkis-juuksed","tag-headlines","tag-hooldekodu","tag-isikuotsing","tag-kadumisjuhtum","tag-kadunud-inimene","tag-kadunud-mees","tag-kase-tanav","tag-latest-news","tag-latestnews","tag-meelis-kirjeldus","tag-news","tag-otsingud","tag-politsei","tag-populaarseimad-lood","tag-roheline-jope","tag-taarakotid","tag-tartu","tag-tartu-politsei","tag-top-stories","tag-topstories","tag-uldised-uudised","tag-uudised","tag-viimased-uudised"],"share_on_mastodon":{"url":"","error":"Validation failed: Text character limit of 500 exceeded"},"_links":{"self":[{"href":"https:\/\/www.europesays.com\/ee\/wp-json\/wp\/v2\/posts\/147487","targetHints":{"allow":["GET"]}}],"collection":[{"href":"https:\/\/www.europesays.com\/ee\/wp-json\/wp\/v2\/posts"}],"about":[{"href":"https:\/\/www.europesays.com\/ee\/wp-json\/wp\/v2\/types\/post"}],"author":[{"embeddable":true,"href":"https:\/\/www.europesays.com\/ee\/wp-json\/wp\/v2\/users\/2"}],"replies":[{"embeddable":true,"href":"https:\/\/www.europesays.com\/ee\/wp-json\/wp\/v2\/comments?post=147487"}],"version-history":[{"count":0,"href":"https:\/\/www.europesays.com\/ee\/wp-json\/wp\/v2\/posts\/147487\/revisions"}],"wp:featuredmedia":[{"embeddable":true,"href":"https:\/\/www.europesays.com\/ee\/wp-json\/wp\/v2\/media\/147488"}],"wp:attachment":[{"href":"https:\/\/www.europesays.com\/ee\/wp-json\/wp\/v2\/media?parent=147487"}],"wp:term":[{"taxonomy":"category","embeddable":true,"href":"https:\/\/www.europesays.com\/ee\/wp-json\/wp\/v2\/categories?post=147487"},{"taxonomy":"post_tag","embeddable":true,"href":"https:\/\/www.europesays.com\/ee\/wp-json\/wp\/v2\/tags?post=147487"}],"curies":[{"name":"wp","href":"https:\/\/api.w.org\/{rel}","templated":true}]}}