{"id":147631,"date":"2026-04-06T19:27:08","date_gmt":"2026-04-06T19:27:08","guid":{"rendered":"https:\/\/www.europesays.com\/ee\/147631\/"},"modified":"2026-04-06T19:27:08","modified_gmt":"2026-04-06T19:27:08","slug":"ukraina-voitis-venemaa-ule-spordikohtus-agressorriik-peab-lopetama-maleturniirid-okupeeritud-aladel","status":"publish","type":"post","link":"https:\/\/www.europesays.com\/ee\/147631\/","title":{"rendered":"Ukraina v\u00f5itis Venemaa \u00fcle spordikohtus, agressorriik peab l\u00f5petama maleturniirid okupeeritud aladel"},"content":{"rendered":"<p>Rahvusvaheline spordiarbitraa\u017eikohus (CAS) andis Ukrainale olulise \u00f5igusliku v\u00f5idu, keelates Venemaal korraldada malev\u00f5istlusi okupeeritud aladel, vahendab Politico.<\/p>\n<p><a target=\"_blank\" rel=\"noopener noreferrer nofollow\" href=\"https:\/\/www.tas-cas.org\/generated\/assets\/lists\/feb900ba-1137-4b78-a9ff-d68af7869087\/Award%2010911%20(FINAL%20for%20publ.).pdf\">CAS otsustas<\/a>, et Venemaa maleliit (RCF) peab l\u00f5petama kogu tegevuse, sealhulgas v\u00f5istluste korraldamise agressorriigi poolt okupeeritud Ukraina piirkondades \u2013 Krimmis, Sevastopolis, Donetskis, Luhanskis, Hersonis ja Zapori\u017e\u017ejas.<\/p>\n","protected":false},"excerpt":{"rendered":"Rahvusvaheline spordiarbitraa\u017eikohus (CAS) andis Ukrainale olulise \u00f5igusliku v\u00f5idu, keelates Venemaal korraldada malev\u00f5istlusi okupeeritud aladel, vahendab Politico. CAS otsustas,&hellip;\n","protected":false},"author":2,"featured_media":147632,"comment_status":"","ping_status":"","sticky":false,"template":"","format":"standard","meta":{"footnotes":"","_share_on_mastodon":"0"},"categories":[18],"tags":[17126,37,33,35,34,36,33237,69211,69212,159,158,69213,69210,13641],"class_list":["post-147631","post","type-post","status-publish","format-standard","has-post-thumbnail","category-sport","tag-cas","tag-ee","tag-eesti","tag-eesti-keel","tag-estonia","tag-estonian","tag-fide","tag-rahvusvaheline-spordiarbitraazikohus","tag-rcf","tag-sport","tag-sports","tag-ukraina-maleliit","tag-venemaa-maleliit","tag-venemaa-rundab-ukrainat"],"share_on_mastodon":{"url":"https:\/\/pubeurope.com\/@ee\/116359413407512365","error":""},"_links":{"self":[{"href":"https:\/\/www.europesays.com\/ee\/wp-json\/wp\/v2\/posts\/147631","targetHints":{"allow":["GET"]}}],"collection":[{"href":"https:\/\/www.europesays.com\/ee\/wp-json\/wp\/v2\/posts"}],"about":[{"href":"https:\/\/www.europesays.com\/ee\/wp-json\/wp\/v2\/types\/post"}],"author":[{"embeddable":true,"href":"https:\/\/www.europesays.com\/ee\/wp-json\/wp\/v2\/users\/2"}],"replies":[{"embeddable":true,"href":"https:\/\/www.europesays.com\/ee\/wp-json\/wp\/v2\/comments?post=147631"}],"version-history":[{"count":0,"href":"https:\/\/www.europesays.com\/ee\/wp-json\/wp\/v2\/posts\/147631\/revisions"}],"wp:featuredmedia":[{"embeddable":true,"href":"https:\/\/www.europesays.com\/ee\/wp-json\/wp\/v2\/media\/147632"}],"wp:attachment":[{"href":"https:\/\/www.europesays.com\/ee\/wp-json\/wp\/v2\/media?parent=147631"}],"wp:term":[{"taxonomy":"category","embeddable":true,"href":"https:\/\/www.europesays.com\/ee\/wp-json\/wp\/v2\/categories?post=147631"},{"taxonomy":"post_tag","embeddable":true,"href":"https:\/\/www.europesays.com\/ee\/wp-json\/wp\/v2\/tags?post=147631"}],"curies":[{"name":"wp","href":"https:\/\/api.w.org\/{rel}","templated":true}]}}