{"id":147692,"date":"2026-04-06T21:15:07","date_gmt":"2026-04-06T21:15:07","guid":{"rendered":"https:\/\/www.europesays.com\/ee\/147692\/"},"modified":"2026-04-06T21:15:07","modified_gmt":"2026-04-06T21:15:07","slug":"nadala-teises-pooles-hakkab-elu-ullatavalt-kiiremini-liikuma","status":"publish","type":"post","link":"https:\/\/www.europesays.com\/ee\/147692\/","title":{"rendered":"n\u00e4dala teises pooles hakkab elu \u00fcllatavalt kiiremini liikuma"},"content":{"rendered":"<p>Oleme j\u00f5udnud kuuts\u00fcklis kahanevasse faasi ning reedel algab viimane veerand. Seda kuufaasi on kutsutud ka \u00abkriisiks teadvuses\u00bb, mil toimub teatav sisemine nihe n\u00e4htavalt maailmalt n\u00e4htamatule, teadlikult alateadlikule. Selles faasis kujuneb l\u00f5petav surve ning tihtipeale s\u00fcndmused inimeludes ja \u00fchiskonnas intensiivistuvad.<\/p>\n<p>Energeetiline muutus on kindlasti tajutav ka sellet\u00f5ttu, et Marss j\u00f5uab Kaladest J\u00e4\u00e4ra ning olukorrad, mis on j\u00e4\u00e4nud toppama ja kus tegevus on muutunud veidi sihituks, v\u00f5ivad saada n\u00fc\u00fcd uuesti sihi ning kiireneda.<\/p>\n<p>Et Marss j\u00f5uab peagi \u00fchendusse Neptuuniga J\u00e4\u00e4ras, kogeme esimest korda, kuidas v\u00e4ljendub tuline tegevusimpulss intuitsiooni, uutmoodi visiooni ja alateadvuse teenistuses.<\/p>\n<p>Planeediseisud n\u00e4dalap\u00e4evadel<\/p>\n<p class=\"Paragraph SCXW80811864 BCX0\">Kolmap\u00e4eval kell 19.11 teeb Marss sekstiili Uraaniga, mille m\u00f5ju v\u00f5ib tajuda kindlasti juba p\u00e4ev enne ja p\u00e4rast. Neil p\u00e4evil saabub tegevusse ootamatuid arenguid, mis aitavad elus kiiremini edasi liikuda. See ei toimu \u00f5nneks liiga j\u00e4rsult, vaid pigem \u00fcsna orgaaniliselt. Tasub olla avatud v\u00e4rsketele tegevussuundadele ning aktiivne. Samuti tasub olla valmis kohanema kiiresti muutuvate plaanidega. K\u00f5ik see on tegelikult eelk\u00f5ige toetav ning v\u00f5ib anda suurema vabadusetunde. Rutiinidest on n\u00fc\u00fcd lihtsam v\u00e4lja murda.<\/p>\n<p class=\"Paragraph SCXW80811864 BCX0\">Siin toimub teatav energeetiline liikumaminek, millele kohe j\u00e4rgnebki Marsi sisenemine Kaladest oma kodum\u00e4rki J\u00e4\u00e4ra neljap\u00e4eval kell 22.36. Siit alates tegevusenergia hoogustub ning tekib suurem fookus.<\/p>\n<p>J\u00e4\u00e4ra energia on kiire, tuline, s\u00f5jakas, julge, v\u00f5itlushimuline, konkureeriv, ambitsioonikas ja v\u00e4simatu. See t\u00e4hendab, et j\u00e4rgmised 5-6 n\u00e4dalat v\u00f5ib leida aset palju kiireloomulisi s\u00fcndmusi ja tegusid, millele ei eelne pikemat kaalumist. Ent need, kes on vajanud oma plaanide teostamiseks pisut rohkem julgust ja pealehakkamist, leiavad viimaks tahet ja indu, et tegutseda.<\/p>\n","protected":false},"excerpt":{"rendered":"Oleme j\u00f5udnud kuuts\u00fcklis kahanevasse faasi ning reedel algab viimane veerand. Seda kuufaasi on kutsutud ka \u00abkriisiks teadvuses\u00bb, mil&hellip;\n","protected":false},"author":2,"featured_media":147693,"comment_status":"","ping_status":"","sticky":false,"template":"","format":"standard","meta":{"footnotes":"","_share_on_mastodon":"0"},"categories":[16],"tags":[37,33,35,173,34,36,206,140,2425,16025,16619],"class_list":["post-147692","post","type-post","status-publish","format-standard","has-post-thumbnail","category-meelelahutus","tag-ee","tag-eesti","tag-eesti-keel","tag-entertainment","tag-estonia","tag-estonian","tag-horoskoop","tag-meelelahutus","tag-nadalaprognoos","tag-taevaseisud","tag-taheseisud"],"share_on_mastodon":{"url":"https:\/\/pubeurope.com\/@ee\/116359838165882889","error":""},"_links":{"self":[{"href":"https:\/\/www.europesays.com\/ee\/wp-json\/wp\/v2\/posts\/147692","targetHints":{"allow":["GET"]}}],"collection":[{"href":"https:\/\/www.europesays.com\/ee\/wp-json\/wp\/v2\/posts"}],"about":[{"href":"https:\/\/www.europesays.com\/ee\/wp-json\/wp\/v2\/types\/post"}],"author":[{"embeddable":true,"href":"https:\/\/www.europesays.com\/ee\/wp-json\/wp\/v2\/users\/2"}],"replies":[{"embeddable":true,"href":"https:\/\/www.europesays.com\/ee\/wp-json\/wp\/v2\/comments?post=147692"}],"version-history":[{"count":0,"href":"https:\/\/www.europesays.com\/ee\/wp-json\/wp\/v2\/posts\/147692\/revisions"}],"wp:featuredmedia":[{"embeddable":true,"href":"https:\/\/www.europesays.com\/ee\/wp-json\/wp\/v2\/media\/147693"}],"wp:attachment":[{"href":"https:\/\/www.europesays.com\/ee\/wp-json\/wp\/v2\/media?parent=147692"}],"wp:term":[{"taxonomy":"category","embeddable":true,"href":"https:\/\/www.europesays.com\/ee\/wp-json\/wp\/v2\/categories?post=147692"},{"taxonomy":"post_tag","embeddable":true,"href":"https:\/\/www.europesays.com\/ee\/wp-json\/wp\/v2\/tags?post=147692"}],"curies":[{"name":"wp","href":"https:\/\/api.w.org\/{rel}","templated":true}]}}